{"id":8891,"date":"2025-11-04T14:02:47","date_gmt":"2025-11-04T14:02:47","guid":{"rendered":"https:\/\/camposerranoradio.com\/home\/?p=8891"},"modified":"2025-11-04T14:02:47","modified_gmt":"2025-11-04T14:02:47","slug":"aguachica-se-viste-de-fiesta-con-el-vii-festival-comercial-y-multicultural-2025","status":"publish","type":"post","link":"https:\/\/camposerranoradio.com\/home\/2025\/11\/04\/aguachica-se-viste-de-fiesta-con-el-vii-festival-comercial-y-multicultural-2025\/","title":{"rendered":"AGUACHICA SE VISTE DE FIESTA CON EL VII FESTIVAL COMERCIAL Y MULTICULTURAL 2025"},"content":{"rendered":"\n<p class=\"has-text-align-left wp-block-paragraph\">Aguachica se prepara para vivir tres d\u00edas llenos de arte, cultura, emprendimiento y sabor en el marco del VII Festival Comercial y Multicultural 2025, organizado por la C\u00e1mara de Comercio de Aguachica con el apoyo de la Gobernaci\u00f3n del Cesar, la UNAD y la Tienda de Arte Artteloz.<\/p>\n\n\n\n<p class=\"has-text-align-left wp-block-paragraph\">El evento, que se desarrollar\u00e1 del 6 al 8 de noviembre en las instalaciones de la C\u00e1mara de Comercio, reunir\u00e1 a artistas, empresarios, comerciantes y visitantes de toda la regi\u00f3n en una gran celebraci\u00f3n de la creatividad y el talento local.<\/p>\n\n\n\n<p class=\"has-text-align-left wp-block-paragraph\">Durante el festival, los asistentes podr\u00e1n disfrutar de la Galer\u00eda Regional de Arte ImpactArtteloz (del 6 al 8 de noviembre), un espacio donde el arte y la inspiraci\u00f3n se dan la mano; la Expoterra Aguachica (del 7 al 8 de noviembre), una vitrina para los productos, servicios y emprendimientos locales; y el esperado Festival de la Hamburguesa, que deleitar\u00e1 los paladares con las mejores propuestas gastron\u00f3micas de la regi\u00f3n.<\/p>\n\n\n\n<p class=\"has-text-align-left wp-block-paragraph\">En esta s\u00e9ptima edici\u00f3n, el festival contar\u00e1 con la participaci\u00f3n de varios aliados estrat\u00e9gicos. La Gobernaci\u00f3n del Cesar presentar\u00e1 la cuarta edici\u00f3n de Expoterra; la UNAD liderar\u00e1 una muestra de bailes folcl\u00f3ricos; y la Universidad Popular del Cesar se unir\u00e1 con un grupo de emprendimientos locales. Adem\u00e1s, se realizar\u00e1 una Feria Kids de emprendimiento, pensada para los m\u00e1s peque\u00f1os, quienes tambi\u00e9n podr\u00e1n disfrutar de juegos y actividades recreativas.<\/p>\n\n\n\n<p class=\"has-text-align-left wp-block-paragraph\">El evento contar\u00e1 con la presencia de artistas invitados y talentos locales. Habr\u00e1 espacios para toda la familia, con actividades tanto para adultos como para ni\u00f1os, y muchas sorpresas preparadas para cada jornada.<\/p>\n","protected":false},"excerpt":{"rendered":"<p>Aguachica se prepara para vivir tres d\u00edas llenos de arte, cultura, emprendimiento y sabor en el marco del VII Festival Comercial y Multicultural 2025, organizado por la C\u00e1mara de Comercio de Aguachica con el apoyo de la Gobernaci\u00f3n del Cesar, la UNAD y la Tienda de Arte Artteloz. El evento, que se desarrollar\u00e1 del 6 [&hellip;]<\/p>\n","protected":false},"author":2,"featured_media":8888,"comment_status":"open","ping_status":"open","sticky":false,"template":"","format":"standard","meta":{"footnotes":""},"categories":[10,11,13],"tags":[],"class_list":["post-8891","post","type-post","status-publish","format-standard","has-post-thumbnail","hentry","category-general","category-local","category-news"],"_links":{"self":[{"href":"https:\/\/camposerranoradio.com\/home\/wp-json\/wp\/v2\/posts\/8891","targetHints":{"allow":["GET"]}}],"collection":[{"href":"https:\/\/camposerranoradio.com\/home\/wp-json\/wp\/v2\/posts"}],"about":[{"href":"https:\/\/camposerranoradio.com\/home\/wp-json\/wp\/v2\/types\/post"}],"author":[{"embeddable":true,"href":"https:\/\/camposerranoradio.com\/home\/wp-json\/wp\/v2\/users\/2"}],"replies":[{"embeddable":true,"href":"https:\/\/camposerranoradio.com\/home\/wp-json\/wp\/v2\/comments?post=8891"}],"version-history":[{"count":1,"href":"https:\/\/camposerranoradio.com\/home\/wp-json\/wp\/v2\/posts\/8891\/revisions"}],"predecessor-version":[{"id":8892,"href":"https:\/\/camposerranoradio.com\/home\/wp-json\/wp\/v2\/posts\/8891\/revisions\/8892"}],"wp:featuredmedia":[{"embeddable":true,"href":"https:\/\/camposerranoradio.com\/home\/wp-json\/wp\/v2\/media\/8888"}],"wp:attachment":[{"href":"https:\/\/camposerranoradio.com\/home\/wp-json\/wp\/v2\/media?parent=8891"}],"wp:term":[{"taxonomy":"category","embeddable":true,"href":"https:\/\/camposerranoradio.com\/home\/wp-json\/wp\/v2\/categories?post=8891"},{"taxonomy":"post_tag","embeddable":true,"href":"https:\/\/camposerranoradio.com\/home\/wp-json\/wp\/v2\/tags?post=8891"}],"curies":[{"name":"wp","href":"https:\/\/api.w.org\/{rel}","templated":true}]}}