{"id":8905,"date":"2025-11-05T12:52:38","date_gmt":"2025-11-05T12:52:38","guid":{"rendered":"https:\/\/camposerranoradio.com\/home\/?p=8905"},"modified":"2025-11-05T14:48:09","modified_gmt":"2025-11-05T14:48:09","slug":"instituto-tecnico-industrial-laureano-gomez-castro-fortalece-la-formacion-y-proyeccion-de-sus-estudiantes","status":"publish","type":"post","link":"https:\/\/camposerranoradio.com\/home\/2025\/11\/05\/instituto-tecnico-industrial-laureano-gomez-castro-fortalece-la-formacion-y-proyeccion-de-sus-estudiantes\/","title":{"rendered":"INSTITUTO T\u00c9CNICO INDUSTRIAL LAUREANO G\u00d3MEZ CASTRO FORTALECE LA FORMACI\u00d3N Y PROYECCI\u00d3N DE SUS ESTUDIANTES"},"content":{"rendered":"\n<p class=\"has-text-align-left wp-block-paragraph\">El <strong>Instituto T\u00e9cnico Industrial Laureano G\u00f3mez Castro<\/strong> contin\u00faa trabajando para ofrecer a sus estudiantes mayores oportunidades de desarrollo acad\u00e9mico y profesional. As\u00ed lo afirm\u00f3 <strong>Oliver Contreras, rector de la instituci\u00f3n<\/strong>, quien destac\u00f3 los avances logrados desde su llegada a la direcci\u00f3n del instituto.<\/p>\n\n\n\n<p class=\"has-text-align-left wp-block-paragraph\">\u201cDesde que asum\u00ed funciones como rector, hemos enfocado nuestros esfuerzos en fortalecer las trayectorias educativas de los estudiantes, brind\u00e1ndoles m\u00e1s y mejores oportunidades para proyectarse hacia la educaci\u00f3n superior y el mundo laboral\u201d, se\u00f1al\u00f3 Contreras.<\/p>\n\n\n\n<p class=\"wp-block-paragraph\">El rector explic\u00f3 que la instituci\u00f3n est\u00e1 dando un paso importante que facilitar\u00e1 la continuidad acad\u00e9mica y reducci\u00f3n de la deserci\u00f3n&nbsp; de los egresados a programas universitarios y especialidades t\u00e9cnicas. De esta manera, se construye un <strong>camino continuo de formaci\u00f3n<\/strong>, donde la preparaci\u00f3n t\u00e9cnica que ofrece la instituci\u00f3n sirve como base para futuras <strong>carreras profesionales.<\/strong><\/p>\n\n\n\n<p class=\"wp-block-paragraph\">Contreras record\u00f3 que, siguiendo la experiencia de alianzas estrat\u00e9gicas realizadas el a\u00f1o pasado en la <strong>Universidad de Pamplona<\/strong>, el instituto contin\u00faa estableciendo convenios que fortalecen la calidad educativa y fomentan el desarrollo integral de los j\u00f3venes como futuros profesionales.<\/p>\n\n\n\n<p class=\"wp-block-paragraph\">Con estas acciones, el <strong>Instituto T\u00e9cnico Industrial Laureano G\u00f3mez Castro<\/strong> reafirma su compromiso con la educaci\u00f3n t\u00e9cnica de calidad, ofreciendo a los estudiantes herramientas y oportunidades para construir un futuro acad\u00e9mico y profesional s\u00f3lido.<\/p>\n\n\n\n<iframe src=\"https:\/\/www.facebook.com\/plugins\/video.php?height=469&#038;href=https%3A%2F%2Fwww.facebook.com%2Freel%2F1572227027537197%2F&#038;show_text=false&#038;width=560&#038;t=0\" width=\"560\" height=\"469\" style=\"border:none;overflow:hidden\" scrolling=\"no\" frameborder=\"0\" allowfullscreen=\"true\" allow=\"autoplay; clipboard-write; encrypted-media; picture-in-picture; web-share\" allowFullScreen=\"true\"><\/iframe>\n","protected":false},"excerpt":{"rendered":"<p>El Instituto T\u00e9cnico Industrial Laureano G\u00f3mez Castro contin\u00faa trabajando para ofrecer a sus estudiantes mayores oportunidades de desarrollo acad\u00e9mico y profesional. As\u00ed lo afirm\u00f3 Oliver Contreras, rector de la instituci\u00f3n, quien destac\u00f3 los avances logrados desde su llegada a la direcci\u00f3n del instituto. \u201cDesde que asum\u00ed funciones como rector, hemos enfocado nuestros esfuerzos en fortalecer [&hellip;]<\/p>\n","protected":false},"author":2,"featured_media":8907,"comment_status":"open","ping_status":"open","sticky":false,"template":"","format":"standard","meta":{"footnotes":""},"categories":[10,11,13],"tags":[],"class_list":["post-8905","post","type-post","status-publish","format-standard","has-post-thumbnail","hentry","category-general","category-local","category-news"],"_links":{"self":[{"href":"https:\/\/camposerranoradio.com\/home\/wp-json\/wp\/v2\/posts\/8905","targetHints":{"allow":["GET"]}}],"collection":[{"href":"https:\/\/camposerranoradio.com\/home\/wp-json\/wp\/v2\/posts"}],"about":[{"href":"https:\/\/camposerranoradio.com\/home\/wp-json\/wp\/v2\/types\/post"}],"author":[{"embeddable":true,"href":"https:\/\/camposerranoradio.com\/home\/wp-json\/wp\/v2\/users\/2"}],"replies":[{"embeddable":true,"href":"https:\/\/camposerranoradio.com\/home\/wp-json\/wp\/v2\/comments?post=8905"}],"version-history":[{"count":2,"href":"https:\/\/camposerranoradio.com\/home\/wp-json\/wp\/v2\/posts\/8905\/revisions"}],"predecessor-version":[{"id":8914,"href":"https:\/\/camposerranoradio.com\/home\/wp-json\/wp\/v2\/posts\/8905\/revisions\/8914"}],"wp:featuredmedia":[{"embeddable":true,"href":"https:\/\/camposerranoradio.com\/home\/wp-json\/wp\/v2\/media\/8907"}],"wp:attachment":[{"href":"https:\/\/camposerranoradio.com\/home\/wp-json\/wp\/v2\/media?parent=8905"}],"wp:term":[{"taxonomy":"category","embeddable":true,"href":"https:\/\/camposerranoradio.com\/home\/wp-json\/wp\/v2\/categories?post=8905"},{"taxonomy":"post_tag","embeddable":true,"href":"https:\/\/camposerranoradio.com\/home\/wp-json\/wp\/v2\/tags?post=8905"}],"curies":[{"name":"wp","href":"https:\/\/api.w.org\/{rel}","templated":true}]}}