{"id":8909,"date":"2025-11-05T14:44:53","date_gmt":"2025-11-05T14:44:53","guid":{"rendered":"https:\/\/camposerranoradio.com\/home\/?p=8909"},"modified":"2025-11-05T14:44:53","modified_gmt":"2025-11-05T14:44:53","slug":"joven-aguachiquense-pierde-la-vida-tras-accidente-en-la-via-ocana-abrego","status":"publish","type":"post","link":"https:\/\/camposerranoradio.com\/home\/2025\/11\/05\/joven-aguachiquense-pierde-la-vida-tras-accidente-en-la-via-ocana-abrego\/","title":{"rendered":"JOVEN AGUACHIQUENSE PIERDE LA VIDA TRAS ACCIDENTE EN LA V\u00cdA OCA\u00d1A \u2013 \u00c1BREGO."},"content":{"rendered":"\n<p class=\"has-text-align-left wp-block-paragraph\">En las \u00faltimas horas se confirm\u00f3 el fallecimiento del joven Juan Esteban Avenda\u00f1o, oriundo del municipio de Aguachica, quien permanec\u00eda bajo observaci\u00f3n m\u00e9dica en un centro asistencial de Oca\u00f1a, luego de sufrir un grave accidente de tr\u00e1nsito d\u00edas pasados en la v\u00eda Oca\u00f1a \u2013 \u00c1brego, a la altura del Batall\u00f3n Santander.<\/p>\n\n\n\n<p class=\"has-text-align-left wp-block-paragraph\">Seg\u00fan pudo conocer este medio, el siniestro ocurri\u00f3 el pasado lunes 3 de noviembre, cuando la motocicleta en la que se desplazaba Avenda\u00f1o sufri\u00f3 un aparatoso accidente, caus\u00e1ndole graves heridas que finalmente comprometieron su vida.<\/p>\n\n\n\n<p class=\"has-text-align-left wp-block-paragraph\">Familiares, amigos y allegados lamentan profundamente su partida y env\u00edan mensajes de fortaleza y consuelo a sus seres queridos en este momento de dolor.<\/p>\n\n\n\n<p class=\"has-text-align-left wp-block-paragraph\">Este medio de comunicaci\u00f3n expresa su solidaridad con la familia de Juan Esteban y les desea mucha fuerza para afrontar este dif\u00edcil momento.<\/p>\n","protected":false},"excerpt":{"rendered":"<p>En las \u00faltimas horas se confirm\u00f3 el fallecimiento del joven Juan Esteban Avenda\u00f1o, oriundo del municipio de Aguachica, quien permanec\u00eda bajo observaci\u00f3n m\u00e9dica en un centro asistencial de Oca\u00f1a, luego de sufrir un grave accidente de tr\u00e1nsito d\u00edas pasados en la v\u00eda Oca\u00f1a \u2013 \u00c1brego, a la altura del Batall\u00f3n Santander. Seg\u00fan pudo conocer este [&hellip;]<\/p>\n","protected":false},"author":2,"featured_media":8910,"comment_status":"open","ping_status":"open","sticky":false,"template":"","format":"standard","meta":{"footnotes":""},"categories":[10,11,13,5,29],"tags":[],"class_list":["post-8909","post","type-post","status-publish","format-standard","has-post-thumbnail","hentry","category-general","category-local","category-news","category-regional","category-rural"],"_links":{"self":[{"href":"https:\/\/camposerranoradio.com\/home\/wp-json\/wp\/v2\/posts\/8909","targetHints":{"allow":["GET"]}}],"collection":[{"href":"https:\/\/camposerranoradio.com\/home\/wp-json\/wp\/v2\/posts"}],"about":[{"href":"https:\/\/camposerranoradio.com\/home\/wp-json\/wp\/v2\/types\/post"}],"author":[{"embeddable":true,"href":"https:\/\/camposerranoradio.com\/home\/wp-json\/wp\/v2\/users\/2"}],"replies":[{"embeddable":true,"href":"https:\/\/camposerranoradio.com\/home\/wp-json\/wp\/v2\/comments?post=8909"}],"version-history":[{"count":1,"href":"https:\/\/camposerranoradio.com\/home\/wp-json\/wp\/v2\/posts\/8909\/revisions"}],"predecessor-version":[{"id":8911,"href":"https:\/\/camposerranoradio.com\/home\/wp-json\/wp\/v2\/posts\/8909\/revisions\/8911"}],"wp:featuredmedia":[{"embeddable":true,"href":"https:\/\/camposerranoradio.com\/home\/wp-json\/wp\/v2\/media\/8910"}],"wp:attachment":[{"href":"https:\/\/camposerranoradio.com\/home\/wp-json\/wp\/v2\/media?parent=8909"}],"wp:term":[{"taxonomy":"category","embeddable":true,"href":"https:\/\/camposerranoradio.com\/home\/wp-json\/wp\/v2\/categories?post=8909"},{"taxonomy":"post_tag","embeddable":true,"href":"https:\/\/camposerranoradio.com\/home\/wp-json\/wp\/v2\/tags?post=8909"}],"curies":[{"name":"wp","href":"https:\/\/api.w.org\/{rel}","templated":true}]}}