{"id":8915,"date":"2025-11-06T12:47:32","date_gmt":"2025-11-06T12:47:32","guid":{"rendered":"https:\/\/camposerranoradio.com\/home\/?p=8915"},"modified":"2025-11-06T12:47:32","modified_gmt":"2025-11-06T12:47:32","slug":"estacion-de-policia-de-aguachica-conmemoro-los-134-anos-de-la-policia-nacional-de-colombia","status":"publish","type":"post","link":"https:\/\/camposerranoradio.com\/home\/2025\/11\/06\/estacion-de-policia-de-aguachica-conmemoro-los-134-anos-de-la-policia-nacional-de-colombia\/","title":{"rendered":"ESTACI\u00d3N DE POLIC\u00cdA DE AGUACHICA CONMEMOR\u00d3 LOS 134 A\u00d1OS DE LA POLIC\u00cdA NACIONAL DE COLOMBIA"},"content":{"rendered":"\n<p class=\"wp-block-paragraph\">En el marco de la Conmemoraci\u00f3n del Cent\u00e9simo Trig\u00e9simo Cuarto Aniversario de la Polic\u00eda Nacional de Colombia, la Estaci\u00f3n de Polic\u00eda de Aguachica celebr\u00f3 esta importante fecha con el prop\u00f3sito de exaltar las acciones, esfuerzos y resultados heroicos de los hombres y mujeres polic\u00edas que, d\u00eda a d\u00eda, trabajan por garantizar la seguridad y la convivencia pac\u00edfica en nuestro pa\u00eds.<\/p>\n\n\n\n<p class=\"wp-block-paragraph\">La jornada conmemorativa incluy\u00f3 una Eucarist\u00eda especial en la Iglesia San Vicente de Pa\u00fal, seguida de una ofrenda floral, espacios que permitieron reflexionar sobre la importancia del servicio policial en la construcci\u00f3n de una sociedad segura y en paz.<\/p>\n\n\n\n<p class=\"wp-block-paragraph\">Ya son 134 a\u00f1os al servicio de Colombia, acompa\u00f1ando la cotidianidad de los ciudadanos y consolid\u00e1ndose como una instituci\u00f3n que representa el compromiso, la vocaci\u00f3n y el sentido de pertenencia de todos los colombianos.<\/p>\n\n\n\n<p class=\"wp-block-paragraph\">Durante la ceremonia, se rindi\u00f3 un sentido homenaje a los polic\u00edas que ofrendaron su vida en cumplimiento del deber, reconociendo su valent\u00eda y legado imborrable en la historia de la instituci\u00f3n.<\/p>\n\n\n\n<p class=\"wp-block-paragraph\">Con estas actividades, la Polic\u00eda Nacional en Aguachica reafirma su compromiso con la comunidad, fortaleciendo los lazos de confianza y cooperaci\u00f3n para seguir trabajando por la seguridad y el bienestar de todos.<\/p>\n\n\n\n<p class=\"wp-block-paragraph\">Audio del Capit\u00e1n Cristian Castrill\u00f3n, comandante de la estaci\u00f3n de polic\u00eda de Aguachica.<\/p>\n\n\n\n<iframe src=\"https:\/\/www.facebook.com\/plugins\/video.php?height=469&#038;href=https%3A%2F%2Fwww.facebook.com%2Freel%2F1368443954650784%2F&#038;show_text=false&#038;width=560&#038;t=0\" width=\"560\" height=\"469\" style=\"border:none;overflow:hidden\" scrolling=\"no\" frameborder=\"0\" allowfullscreen=\"true\" allow=\"autoplay; clipboard-write; encrypted-media; picture-in-picture; web-share\" allowFullScreen=\"true\"><\/iframe>\n","protected":false},"excerpt":{"rendered":"<p>En el marco de la Conmemoraci\u00f3n del Cent\u00e9simo Trig\u00e9simo Cuarto Aniversario de la Polic\u00eda Nacional de Colombia, la Estaci\u00f3n de Polic\u00eda de Aguachica celebr\u00f3 esta importante fecha con el prop\u00f3sito de exaltar las acciones, esfuerzos y resultados heroicos de los hombres y mujeres polic\u00edas que, d\u00eda a d\u00eda, trabajan por garantizar la seguridad y la [&hellip;]<\/p>\n","protected":false},"author":2,"featured_media":8916,"comment_status":"open","ping_status":"open","sticky":false,"template":"","format":"standard","meta":{"footnotes":""},"categories":[10,11,17,13,5],"tags":[],"class_list":["post-8915","post","type-post","status-publish","format-standard","has-post-thumbnail","hentry","category-general","category-local","category-nacional","category-news","category-regional"],"_links":{"self":[{"href":"https:\/\/camposerranoradio.com\/home\/wp-json\/wp\/v2\/posts\/8915","targetHints":{"allow":["GET"]}}],"collection":[{"href":"https:\/\/camposerranoradio.com\/home\/wp-json\/wp\/v2\/posts"}],"about":[{"href":"https:\/\/camposerranoradio.com\/home\/wp-json\/wp\/v2\/types\/post"}],"author":[{"embeddable":true,"href":"https:\/\/camposerranoradio.com\/home\/wp-json\/wp\/v2\/users\/2"}],"replies":[{"embeddable":true,"href":"https:\/\/camposerranoradio.com\/home\/wp-json\/wp\/v2\/comments?post=8915"}],"version-history":[{"count":1,"href":"https:\/\/camposerranoradio.com\/home\/wp-json\/wp\/v2\/posts\/8915\/revisions"}],"predecessor-version":[{"id":8917,"href":"https:\/\/camposerranoradio.com\/home\/wp-json\/wp\/v2\/posts\/8915\/revisions\/8917"}],"wp:featuredmedia":[{"embeddable":true,"href":"https:\/\/camposerranoradio.com\/home\/wp-json\/wp\/v2\/media\/8916"}],"wp:attachment":[{"href":"https:\/\/camposerranoradio.com\/home\/wp-json\/wp\/v2\/media?parent=8915"}],"wp:term":[{"taxonomy":"category","embeddable":true,"href":"https:\/\/camposerranoradio.com\/home\/wp-json\/wp\/v2\/categories?post=8915"},{"taxonomy":"post_tag","embeddable":true,"href":"https:\/\/camposerranoradio.com\/home\/wp-json\/wp\/v2\/tags?post=8915"}],"curies":[{"name":"wp","href":"https:\/\/api.w.org\/{rel}","templated":true}]}}