{"id":8918,"date":"2025-11-06T12:49:01","date_gmt":"2025-11-06T12:49:01","guid":{"rendered":"https:\/\/camposerranoradio.com\/home\/?p=8918"},"modified":"2025-11-06T12:49:01","modified_gmt":"2025-11-06T12:49:01","slug":"sena-ofrece-formacion-gratuita-en-auxiliar-en-cocina-y-operario-en-panaderia","status":"publish","type":"post","link":"https:\/\/camposerranoradio.com\/home\/2025\/11\/06\/sena-ofrece-formacion-gratuita-en-auxiliar-en-cocina-y-operario-en-panaderia\/","title":{"rendered":"SENA OFRECE FORMACI\u00d3N GRATUITA EN AUXILIAR EN COCINA Y OPERARIO EN PANADER\u00cdA"},"content":{"rendered":"\n<p class=\"wp-block-paragraph\">El <strong>Centro Agroempresarial SENA, Regional Cesar<\/strong>, abre una nueva oportunidad para quienes deseen formarse en el sector gastron\u00f3mico. Est\u00e1n disponibles los programas de <strong>Auxiliar en Cocina<\/strong><strong> y Operario en Panader\u00eda, <\/strong>una excelente opci\u00f3n para adquirir conocimientos pr\u00e1cticos y fortalecer el perfil laboral en uno de los sectores con mayor demanda en la regi\u00f3n.<\/p>\n\n\n\n<p class=\"wp-block-paragraph\">Las <strong>inscripciones estar\u00e1n abiertas hasta el pr\u00f3ximo 9 de noviembre<\/strong>, y los interesados pueden <strong>acercarse directamente a las instalaciones del SENA en Aguachica<\/strong> o<strong> comunicarse al n\u00famero telef\u00f3nico 317 598 7633 <\/strong>para obtener m\u00e1s informaci\u00f3n.<\/p>\n\n\n\n<p class=\"wp-block-paragraph\">Estos programas t\u00e9cnicos se destacan por su enfoque pr\u00e1ctico, permitiendo a los aprendices desarrollar habilidades en la preparaci\u00f3n de alimentos, t\u00e9cnicas de horneado, manipulaci\u00f3n higi\u00e9nica y presentaci\u00f3n de productos gastron\u00f3micos.<\/p>\n\n\n\n<p class=\"wp-block-paragraph\">El SENA contin\u00faa cumpliendo su compromiso de brindar <strong>formaci\u00f3n gratuita y de calidad<\/strong><strong>,<\/strong> impulsando el desarrollo laboral y empresarial de todos los <strong>morrocoyeros<\/strong><strong>.<\/strong><\/p>\n","protected":false},"excerpt":{"rendered":"<p>El Centro Agroempresarial SENA, Regional Cesar, abre una nueva oportunidad para quienes deseen formarse en el sector gastron\u00f3mico. Est\u00e1n disponibles los programas de Auxiliar en Cocina y Operario en Panader\u00eda, una excelente opci\u00f3n para adquirir conocimientos pr\u00e1cticos y fortalecer el perfil laboral en uno de los sectores con mayor demanda en la regi\u00f3n. Las inscripciones [&hellip;]<\/p>\n","protected":false},"author":2,"featured_media":8919,"comment_status":"open","ping_status":"open","sticky":false,"template":"","format":"standard","meta":{"footnotes":""},"categories":[10,11,13,5,29],"tags":[],"class_list":["post-8918","post","type-post","status-publish","format-standard","has-post-thumbnail","hentry","category-general","category-local","category-news","category-regional","category-rural"],"_links":{"self":[{"href":"https:\/\/camposerranoradio.com\/home\/wp-json\/wp\/v2\/posts\/8918","targetHints":{"allow":["GET"]}}],"collection":[{"href":"https:\/\/camposerranoradio.com\/home\/wp-json\/wp\/v2\/posts"}],"about":[{"href":"https:\/\/camposerranoradio.com\/home\/wp-json\/wp\/v2\/types\/post"}],"author":[{"embeddable":true,"href":"https:\/\/camposerranoradio.com\/home\/wp-json\/wp\/v2\/users\/2"}],"replies":[{"embeddable":true,"href":"https:\/\/camposerranoradio.com\/home\/wp-json\/wp\/v2\/comments?post=8918"}],"version-history":[{"count":1,"href":"https:\/\/camposerranoradio.com\/home\/wp-json\/wp\/v2\/posts\/8918\/revisions"}],"predecessor-version":[{"id":8920,"href":"https:\/\/camposerranoradio.com\/home\/wp-json\/wp\/v2\/posts\/8918\/revisions\/8920"}],"wp:featuredmedia":[{"embeddable":true,"href":"https:\/\/camposerranoradio.com\/home\/wp-json\/wp\/v2\/media\/8919"}],"wp:attachment":[{"href":"https:\/\/camposerranoradio.com\/home\/wp-json\/wp\/v2\/media?parent=8918"}],"wp:term":[{"taxonomy":"category","embeddable":true,"href":"https:\/\/camposerranoradio.com\/home\/wp-json\/wp\/v2\/categories?post=8918"},{"taxonomy":"post_tag","embeddable":true,"href":"https:\/\/camposerranoradio.com\/home\/wp-json\/wp\/v2\/tags?post=8918"}],"curies":[{"name":"wp","href":"https:\/\/api.w.org\/{rel}","templated":true}]}}