{"id":8921,"date":"2025-11-06T12:51:21","date_gmt":"2025-11-06T12:51:21","guid":{"rendered":"https:\/\/camposerranoradio.com\/home\/?p=8921"},"modified":"2025-11-06T12:51:21","modified_gmt":"2025-11-06T12:51:21","slug":"preocupacion-por-los-accidentes-de-transito-en-horas-pico-de-entrada-y-salida-de-clases-en-aguachica-cesar","status":"publish","type":"post","link":"https:\/\/camposerranoradio.com\/home\/2025\/11\/06\/preocupacion-por-los-accidentes-de-transito-en-horas-pico-de-entrada-y-salida-de-clases-en-aguachica-cesar\/","title":{"rendered":"PREOCUPACI\u00d3N POR LOS ACCIDENTES DE TR\u00c1NSITO EN HORAS PICO DE ENTRADA Y SALIDA DE CLASES EN AGUACHICA, CESAR"},"content":{"rendered":"\n<p class=\"wp-block-paragraph\">En Aguachica, crece la preocupaci\u00f3n por los accidentes de tr\u00e1nsito que se registran en las horas pico, momentos en los que estudiantes se movilizan hacia o desde sus instituciones educativas.<\/p>\n\n\n\n<p class=\"wp-block-paragraph\">Este mi\u00e9rcoles, hacia el mediod\u00eda, se presentaron <strong>dos accidentes casi simult\u00e1neos<\/strong> que involucraron a menores de edad. El primero tuvo lugar en la <strong>carrera 39 con calle 6 Norte<\/strong>, donde un se\u00f1or y una estudiante resultaron lesionados tras el choque entre motocicletas.<\/p>\n\n\n\n<p class=\"wp-block-paragraph\">Minutos despu\u00e9s, otro accidente se registr\u00f3 en la <strong>carrera 47 con calle 6 Norte<\/strong>, en la entrada del barrio <strong>Tierra Linda<\/strong>, donde un joven y un ni\u00f1o tambi\u00e9n sufrieron heridas leves.<\/p>\n\n\n\n<p class=\"wp-block-paragraph\">Estos hechos encendieron la alerta entre la comunidad, que pide mayor prudencia a los conductores y refuerzo de los controles en los alrededores de los colegios, para evitar que situaciones como estas sigan ocurriendo.<\/p>\n","protected":false},"excerpt":{"rendered":"<p>En Aguachica, crece la preocupaci\u00f3n por los accidentes de tr\u00e1nsito que se registran en las horas pico, momentos en los que estudiantes se movilizan hacia o desde sus instituciones educativas. Este mi\u00e9rcoles, hacia el mediod\u00eda, se presentaron dos accidentes casi simult\u00e1neos que involucraron a menores de edad. El primero tuvo lugar en la carrera 39 [&hellip;]<\/p>\n","protected":false},"author":2,"featured_media":8922,"comment_status":"open","ping_status":"open","sticky":false,"template":"","format":"standard","meta":{"footnotes":""},"categories":[10,11,13],"tags":[],"class_list":["post-8921","post","type-post","status-publish","format-standard","has-post-thumbnail","hentry","category-general","category-local","category-news"],"_links":{"self":[{"href":"https:\/\/camposerranoradio.com\/home\/wp-json\/wp\/v2\/posts\/8921","targetHints":{"allow":["GET"]}}],"collection":[{"href":"https:\/\/camposerranoradio.com\/home\/wp-json\/wp\/v2\/posts"}],"about":[{"href":"https:\/\/camposerranoradio.com\/home\/wp-json\/wp\/v2\/types\/post"}],"author":[{"embeddable":true,"href":"https:\/\/camposerranoradio.com\/home\/wp-json\/wp\/v2\/users\/2"}],"replies":[{"embeddable":true,"href":"https:\/\/camposerranoradio.com\/home\/wp-json\/wp\/v2\/comments?post=8921"}],"version-history":[{"count":1,"href":"https:\/\/camposerranoradio.com\/home\/wp-json\/wp\/v2\/posts\/8921\/revisions"}],"predecessor-version":[{"id":8923,"href":"https:\/\/camposerranoradio.com\/home\/wp-json\/wp\/v2\/posts\/8921\/revisions\/8923"}],"wp:featuredmedia":[{"embeddable":true,"href":"https:\/\/camposerranoradio.com\/home\/wp-json\/wp\/v2\/media\/8922"}],"wp:attachment":[{"href":"https:\/\/camposerranoradio.com\/home\/wp-json\/wp\/v2\/media?parent=8921"}],"wp:term":[{"taxonomy":"category","embeddable":true,"href":"https:\/\/camposerranoradio.com\/home\/wp-json\/wp\/v2\/categories?post=8921"},{"taxonomy":"post_tag","embeddable":true,"href":"https:\/\/camposerranoradio.com\/home\/wp-json\/wp\/v2\/tags?post=8921"}],"curies":[{"name":"wp","href":"https:\/\/api.w.org\/{rel}","templated":true}]}}