{"id":8937,"date":"2025-11-07T13:09:05","date_gmt":"2025-11-07T13:09:05","guid":{"rendered":"https:\/\/camposerranoradio.com\/home\/?p=8937"},"modified":"2025-11-07T13:09:05","modified_gmt":"2025-11-07T13:09:05","slug":"aguachica-se-transforma-en-un-escenario-artistico-con-la-apertura-de-la-galeria-regional-impactartteloz","status":"publish","type":"post","link":"https:\/\/camposerranoradio.com\/home\/2025\/11\/07\/aguachica-se-transforma-en-un-escenario-artistico-con-la-apertura-de-la-galeria-regional-impactartteloz\/","title":{"rendered":"AGUACHICA SE TRANSFORMA EN UN ESCENARIO ART\u00cdSTICO CON LA APERTURA DE LA GALER\u00cdA REGIONAL \u201cIMPACTARTTELOZ\u201d"},"content":{"rendered":"\n<p class=\"has-text-align-left wp-block-paragraph\">Desde este 6 de noviembre, el Auditorio Eduardo Bula de la C\u00e1mara de Comercio de Aguachica se convierte en un punto de encuentro para el arte y la creatividad con la apertura de la Galer\u00eda Regional \u201cImpactartteloz\u201d. Durante tres d\u00edas \u2014del 6 al 8 de noviembre\u2014 este espacio recibir\u00e1 obras de artistas del sur del Cesar y del sur de Bol\u00edvar, quienes exponen su talento a trav\u00e9s de pintura, fotograf\u00eda y diversas expresiones art\u00edstico\u2013culturales en vivo.<\/p>\n\n\n\n<p class=\"has-text-align-left wp-block-paragraph\">La muestra busca resaltar el trabajo de los creadores regionales, promover nuevas oportunidades para el sector art\u00edstico y consolidar a Aguachica como un referente cultural que abre puertas a la innovaci\u00f3n y al desarrollo creativo.<\/p>\n\n\n\n<p class=\"has-text-align-left wp-block-paragraph\">De manera paralela, inicia tambi\u00e9n el VII Festival Comercial y Multicultural, un evento que reunir\u00e1 emprendimientos, gastronom\u00eda, artesan\u00edas, talento local y una variada programaci\u00f3n que integra arte, cultura y desarrollo empresarial en un mismo escenario.<\/p>\n\n\n\n<p class=\"has-text-align-left wp-block-paragraph\">Aguachica vive d\u00edas de inspiraci\u00f3n y creatividad: el arte, el emprendimiento y la cultura se unen para mostrar el talento que caracteriza a nuestra regi\u00f3n.<\/p>\n","protected":false},"excerpt":{"rendered":"<p>Desde este 6 de noviembre, el Auditorio Eduardo Bula de la C\u00e1mara de Comercio de Aguachica se convierte en un punto de encuentro para el arte y la creatividad con la apertura de la Galer\u00eda Regional \u201cImpactartteloz\u201d. Durante tres d\u00edas \u2014del 6 al 8 de noviembre\u2014 este espacio recibir\u00e1 obras de artistas del sur del [&hellip;]<\/p>\n","protected":false},"author":2,"featured_media":8938,"comment_status":"open","ping_status":"open","sticky":false,"template":"","format":"standard","meta":{"footnotes":""},"categories":[10,11,13],"tags":[],"class_list":["post-8937","post","type-post","status-publish","format-standard","has-post-thumbnail","hentry","category-general","category-local","category-news"],"_links":{"self":[{"href":"https:\/\/camposerranoradio.com\/home\/wp-json\/wp\/v2\/posts\/8937","targetHints":{"allow":["GET"]}}],"collection":[{"href":"https:\/\/camposerranoradio.com\/home\/wp-json\/wp\/v2\/posts"}],"about":[{"href":"https:\/\/camposerranoradio.com\/home\/wp-json\/wp\/v2\/types\/post"}],"author":[{"embeddable":true,"href":"https:\/\/camposerranoradio.com\/home\/wp-json\/wp\/v2\/users\/2"}],"replies":[{"embeddable":true,"href":"https:\/\/camposerranoradio.com\/home\/wp-json\/wp\/v2\/comments?post=8937"}],"version-history":[{"count":1,"href":"https:\/\/camposerranoradio.com\/home\/wp-json\/wp\/v2\/posts\/8937\/revisions"}],"predecessor-version":[{"id":8939,"href":"https:\/\/camposerranoradio.com\/home\/wp-json\/wp\/v2\/posts\/8937\/revisions\/8939"}],"wp:featuredmedia":[{"embeddable":true,"href":"https:\/\/camposerranoradio.com\/home\/wp-json\/wp\/v2\/media\/8938"}],"wp:attachment":[{"href":"https:\/\/camposerranoradio.com\/home\/wp-json\/wp\/v2\/media?parent=8937"}],"wp:term":[{"taxonomy":"category","embeddable":true,"href":"https:\/\/camposerranoradio.com\/home\/wp-json\/wp\/v2\/categories?post=8937"},{"taxonomy":"post_tag","embeddable":true,"href":"https:\/\/camposerranoradio.com\/home\/wp-json\/wp\/v2\/tags?post=8937"}],"curies":[{"name":"wp","href":"https:\/\/api.w.org\/{rel}","templated":true}]}}