{"id":8940,"date":"2025-11-10T12:21:58","date_gmt":"2025-11-10T12:21:58","guid":{"rendered":"https:\/\/camposerranoradio.com\/home\/?p=8940"},"modified":"2025-11-10T12:27:37","modified_gmt":"2025-11-10T12:27:37","slug":"se-graduaron-13-jovenes-como-guardianes-del-turismo-del-cesar","status":"publish","type":"post","link":"https:\/\/camposerranoradio.com\/home\/2025\/11\/10\/se-graduaron-13-jovenes-como-guardianes-del-turismo-del-cesar\/","title":{"rendered":"SE GRADUARON 13 J\u00d3VENES COMO GUARDIANES DEL TURISMO DEL CESAR"},"content":{"rendered":"\n<p class=\"has-text-align-left wp-block-paragraph\">Se realiz\u00f3 la graduaci\u00f3n de <strong>13 j\u00f3venes que ahora hacen parte del programa Guardianes del Turismo del Cesar<\/strong><strong>,<\/strong> una iniciativa que busca fortalecer la promoci\u00f3n cultural y tur\u00edstica del departamento.<\/p>\n\n\n\n<p class=\"has-text-align-left wp-block-paragraph\">La capacitaci\u00f3n fue liderada por la <strong>Polic\u00eda Nacional<\/strong>, en alianza con la <strong>Gobernaci\u00f3n del Cesar<\/strong>, a trav\u00e9s de la Secretar\u00eda de Cultura y Turismo, encabezada por Manuel Rangel. Durante el proceso formativo, los estudiantes de la Instituci\u00f3n Educativa San Miguel recibieron <strong>80 horas<\/strong><strong> <\/strong><strong>de formaci\u00f3n<\/strong> en temas relacionados con cultura local, folclor, costumbres, patrimonio y atractivos tur\u00edsticos, con el prop\u00f3sito de convertirse en multiplicadores del turismo responsable entre la comunidad y los visitantes.<\/p>\n\n\n\n<p class=\"has-text-align-left wp-block-paragraph\">El acto de graduaci\u00f3n se llev\u00f3 a cabo <strong>en la ma\u00f1ana del viernes 7 de noviembre<\/strong> y cont\u00f3 con la presencia del <strong>capit\u00e1n de la Polic\u00eda, Darwin Arenas<\/strong><strong>, <\/strong>un<strong>delegado de la Alcald\u00eda Municipal<\/strong>y el<strong>presidente de la Asociaci\u00f3n de Hoteleros del municipio<\/strong>, Fabian Ortega, quienes destacaron la importancia de vincular a los j\u00f3venes en estos procesos de liderazgo y promoci\u00f3n tur\u00edstica.<\/p>\n\n\n\n<p class=\"has-text-align-left wp-block-paragraph\">Con esta iniciativa se busca que los nuevos guardianes contribuyan a fortalecer la imagen del municipio y del departamento como destinos seguros y atractivos para el turismo.<\/p>\n\n\n\n<iframe src=\"https:\/\/www.facebook.com\/plugins\/video.php?height=469&#038;href=https%3A%2F%2Fwww.facebook.com%2Freel%2F1117373673526560%2F&#038;show_text=false&#038;width=560&#038;t=0\" width=\"560\" height=\"469\" style=\"border:none;overflow:hidden\" scrolling=\"no\" frameborder=\"0\" allowfullscreen=\"true\" allow=\"autoplay; clipboard-write; encrypted-media; picture-in-picture; web-share\" allowFullScreen=\"true\"><\/iframe>\n","protected":false},"excerpt":{"rendered":"<p>Se realiz\u00f3 la graduaci\u00f3n de 13 j\u00f3venes que ahora hacen parte del programa Guardianes del Turismo del Cesar, una iniciativa que busca fortalecer la promoci\u00f3n cultural y tur\u00edstica del departamento. La capacitaci\u00f3n fue liderada por la Polic\u00eda Nacional, en alianza con la Gobernaci\u00f3n del Cesar, a trav\u00e9s de la Secretar\u00eda de Cultura y Turismo, encabezada [&hellip;]<\/p>\n","protected":false},"author":2,"featured_media":8941,"comment_status":"open","ping_status":"open","sticky":false,"template":"","format":"standard","meta":{"footnotes":""},"categories":[10,11,13],"tags":[],"class_list":["post-8940","post","type-post","status-publish","format-standard","has-post-thumbnail","hentry","category-general","category-local","category-news"],"_links":{"self":[{"href":"https:\/\/camposerranoradio.com\/home\/wp-json\/wp\/v2\/posts\/8940","targetHints":{"allow":["GET"]}}],"collection":[{"href":"https:\/\/camposerranoradio.com\/home\/wp-json\/wp\/v2\/posts"}],"about":[{"href":"https:\/\/camposerranoradio.com\/home\/wp-json\/wp\/v2\/types\/post"}],"author":[{"embeddable":true,"href":"https:\/\/camposerranoradio.com\/home\/wp-json\/wp\/v2\/users\/2"}],"replies":[{"embeddable":true,"href":"https:\/\/camposerranoradio.com\/home\/wp-json\/wp\/v2\/comments?post=8940"}],"version-history":[{"count":3,"href":"https:\/\/camposerranoradio.com\/home\/wp-json\/wp\/v2\/posts\/8940\/revisions"}],"predecessor-version":[{"id":8944,"href":"https:\/\/camposerranoradio.com\/home\/wp-json\/wp\/v2\/posts\/8940\/revisions\/8944"}],"wp:featuredmedia":[{"embeddable":true,"href":"https:\/\/camposerranoradio.com\/home\/wp-json\/wp\/v2\/media\/8941"}],"wp:attachment":[{"href":"https:\/\/camposerranoradio.com\/home\/wp-json\/wp\/v2\/media?parent=8940"}],"wp:term":[{"taxonomy":"category","embeddable":true,"href":"https:\/\/camposerranoradio.com\/home\/wp-json\/wp\/v2\/categories?post=8940"},{"taxonomy":"post_tag","embeddable":true,"href":"https:\/\/camposerranoradio.com\/home\/wp-json\/wp\/v2\/tags?post=8940"}],"curies":[{"name":"wp","href":"https:\/\/api.w.org\/{rel}","templated":true}]}}