{"id":8950,"date":"2025-11-10T12:50:29","date_gmt":"2025-11-10T12:50:29","guid":{"rendered":"https:\/\/camposerranoradio.com\/home\/?p=8950"},"modified":"2025-11-10T12:50:29","modified_gmt":"2025-11-10T12:50:29","slug":"aguachica-fue-escenario-del-exitoso-vii-festival-comercial-y-multicultural-una-vitrina-de-negocios-cultura-y-talento-regional","status":"publish","type":"post","link":"https:\/\/camposerranoradio.com\/home\/2025\/11\/10\/aguachica-fue-escenario-del-exitoso-vii-festival-comercial-y-multicultural-una-vitrina-de-negocios-cultura-y-talento-regional\/","title":{"rendered":"AGUACHICA FUE ESCENARIO DEL EXITOSO VII FESTIVAL COMERCIAL Y MULTICULTURAL: UNA VITRINA DE NEGOCIOS, CULTURA Y TALENTO REGIONAL."},"content":{"rendered":"\n<p class=\"has-text-align-left wp-block-paragraph\">Aguachica se convirti\u00f3 en el punto de encuentro para el talento y la productividad con la realizaci\u00f3n del <strong>VII Festival Comercial y Multicultural<\/strong><strong>,<\/strong> un evento que dej\u00f3 en evidencia la capacidad creativa y empresarial del sur del Cesar. Esta edici\u00f3n volvi\u00f3 a posicionar a la <strong>C\u00e1mara de Comercio de Aguachica<\/strong>, bajo la presidencia del Dr. Anuar Yaver Escobar, como una aliada estrat\u00e9gica del desarrollo econ\u00f3mico y cultural de la regi\u00f3n.<\/p>\n\n\n\n<p class=\"wp-block-paragraph\">Durante varios d\u00edas, la ciudad recibi\u00f3 a cientos de visitantes que recorrieron los m\u00e1s de <strong>200 stands<\/strong> instalados para exponer productos, servicios e ideas innovadoras de emprendedores y comerciantes locales. La din\u00e1mica comercial se sinti\u00f3 en cada espacio, creando oportunidades de negocio y fortaleciendo la econom\u00eda local.<\/p>\n\n\n\n<p class=\"wp-block-paragraph\">Uno de los momentos m\u00e1s admirados por el p\u00fablico fue <strong>Emprendimiento Kids<\/strong>, un escenario en el que ni\u00f1os y ni\u00f1as demostraron su creatividad y visi\u00f3n empresarial. Este espacio dej\u00f3 claro que el emprendimiento tambi\u00e9n se aprende desde la infancia y que las nuevas generaciones tienen mucho por aportar.<\/p>\n\n\n\n<p class=\"wp-block-paragraph\">La programaci\u00f3n del festival estuvo acompa\u00f1ada por exhibiciones culturales, presentaciones gastron\u00f3micas y experiencias art\u00edsticas como la <strong>Galer\u00eda Regional de Arte Impactt\u00e1rteloz<\/strong> y la exposici\u00f3n <strong>Expoterra<\/strong>, gestionada por la Gobernaci\u00f3n del Cesar. Adem\u00e1s, el <strong>Festival de la Hamburguesa<\/strong> fue uno de los atractivos m\u00e1s concurridos por los asistentes.<\/p>\n\n\n\n<p class=\"wp-block-paragraph\">El humor tambi\u00e9n tuvo su espacio con la presentaci\u00f3n del reconocido comediante <strong>Teadoro<\/strong><strong>,<\/strong> quien llen\u00f3 de risas el evento. Las noches continuaron con m\u00fasica en vivo y parrandas vallenatas, convirtiendo el festival en un punto de encuentro para las familias, los visitantes y los emprendedores.<\/p>\n\n\n\n<p class=\"wp-block-paragraph\">El VII Festival Comercial y Multicultural se reafirma como una vitrina de alto impacto para el sur del Cesar y sur de Bol\u00edvar, integrando econom\u00eda, cultura y oportunidades para el crecimiento regional, y cerr\u00f3 con un balance positivo, fortaleciendo el compromiso de seguir impulsando espacios que promuevan el emprendimiento y el desarrollo de Aguachica.<\/p>\n","protected":false},"excerpt":{"rendered":"<p>Aguachica se convirti\u00f3 en el punto de encuentro para el talento y la productividad con la realizaci\u00f3n del VII Festival Comercial y Multicultural, un evento que dej\u00f3 en evidencia la capacidad creativa y empresarial del sur del Cesar. Esta edici\u00f3n volvi\u00f3 a posicionar a la C\u00e1mara de Comercio de Aguachica, bajo la presidencia del Dr. [&hellip;]<\/p>\n","protected":false},"author":2,"featured_media":8951,"comment_status":"open","ping_status":"open","sticky":false,"template":"","format":"standard","meta":{"footnotes":""},"categories":[10,11,13,5],"tags":[],"class_list":["post-8950","post","type-post","status-publish","format-standard","has-post-thumbnail","hentry","category-general","category-local","category-news","category-regional"],"_links":{"self":[{"href":"https:\/\/camposerranoradio.com\/home\/wp-json\/wp\/v2\/posts\/8950","targetHints":{"allow":["GET"]}}],"collection":[{"href":"https:\/\/camposerranoradio.com\/home\/wp-json\/wp\/v2\/posts"}],"about":[{"href":"https:\/\/camposerranoradio.com\/home\/wp-json\/wp\/v2\/types\/post"}],"author":[{"embeddable":true,"href":"https:\/\/camposerranoradio.com\/home\/wp-json\/wp\/v2\/users\/2"}],"replies":[{"embeddable":true,"href":"https:\/\/camposerranoradio.com\/home\/wp-json\/wp\/v2\/comments?post=8950"}],"version-history":[{"count":1,"href":"https:\/\/camposerranoradio.com\/home\/wp-json\/wp\/v2\/posts\/8950\/revisions"}],"predecessor-version":[{"id":8952,"href":"https:\/\/camposerranoradio.com\/home\/wp-json\/wp\/v2\/posts\/8950\/revisions\/8952"}],"wp:featuredmedia":[{"embeddable":true,"href":"https:\/\/camposerranoradio.com\/home\/wp-json\/wp\/v2\/media\/8951"}],"wp:attachment":[{"href":"https:\/\/camposerranoradio.com\/home\/wp-json\/wp\/v2\/media?parent=8950"}],"wp:term":[{"taxonomy":"category","embeddable":true,"href":"https:\/\/camposerranoradio.com\/home\/wp-json\/wp\/v2\/categories?post=8950"},{"taxonomy":"post_tag","embeddable":true,"href":"https:\/\/camposerranoradio.com\/home\/wp-json\/wp\/v2\/tags?post=8950"}],"curies":[{"name":"wp","href":"https:\/\/api.w.org\/{rel}","templated":true}]}}