{"id":8965,"date":"2025-11-11T12:21:12","date_gmt":"2025-11-11T12:21:12","guid":{"rendered":"https:\/\/camposerranoradio.com\/home\/?p=8965"},"modified":"2025-11-12T12:12:40","modified_gmt":"2025-11-12T12:12:40","slug":"lideres-comunales-celebran-el-dia-nacional-de-la-accion-comunal-con-integracion-y-actividades-culturales","status":"publish","type":"post","link":"https:\/\/camposerranoradio.com\/home\/2025\/11\/11\/lideres-comunales-celebran-el-dia-nacional-de-la-accion-comunal-con-integracion-y-actividades-culturales\/","title":{"rendered":"L\u00cdDERES COMUNALES CELEBRAN EL D\u00cdA NACIONAL DE LA ACCI\u00d3N COMUNAL CON INTEGRACI\u00d3N Y ACTIVIDADES CULTURALES"},"content":{"rendered":"\n<p class=\"wp-block-paragraph\">En el Bosque del Aguil se llev\u00f3 a cabo la conmemoraci\u00f3n del D\u00eda Nacional de la Acci\u00f3n Comunal, encuentro que reuni\u00f3 a los presidentes de las Juntas de Acci\u00f3n Comunal de los sectores urbanos y rurales del municipio. El evento tuvo como objetivo fortalecer la uni\u00f3n, el liderazgo comunitario y el trabajo colaborativo entre los diferentes territorios.<\/p>\n\n\n\n<p class=\"wp-block-paragraph\">La jornada cont\u00f3 con intervenciones de representantes comunales y de la Universidad Popular del Cesar, Seccional Aguachica, quienes resaltaron la importancia de continuar trabajando de manera articulada entre comunidad e instituciones para el beneficio colectivo.<\/p>\n\n\n\n<p class=\"wp-block-paragraph\">Durante el encuentro se realizaron actividades culturales, recreativas y presentaciones art\u00edsticas a cargo del Instituto Municipal de Deporte, Recreaci\u00f3n y Cultura IMDREC, promoviendo la integraci\u00f3n y el intercambio entre los l\u00edderes comunales.<\/p>\n\n\n\n<p class=\"wp-block-paragraph\">As\u00ed mismo, se adelant\u00f3 una jornada de embellecimiento del bosque, donde comunales y estudiantes universitarios participaron en labores de limpieza y pintura, contribuyendo al cuidado de este espacio natural.<\/p>\n\n\n\n<p class=\"wp-block-paragraph\">La actividad recibi\u00f3 el <strong>apoyo de la administraci\u00f3n municipal<\/strong>, que respald\u00f3 la log\u00edstica y organizaci\u00f3n del evento, reafirmando su compromiso con el fortalecimiento del trabajo comunal.<\/p>\n\n\n\n<p class=\"wp-block-paragraph\">El encuentro dej\u00f3 como resultado el fortalecimiento del trabajo colectivo, la uni\u00f3n entre l\u00edderes y el compromiso de continuar impulsando acciones que aporten al desarrollo social del municipio.<\/p>\n\n\n\n<iframe src=\"https:\/\/www.facebook.com\/plugins\/video.php?height=469&#038;href=https%3A%2F%2Fwww.facebook.com%2Freel%2F867667569160430%2F&#038;show_text=false&#038;width=560&#038;t=0\" width=\"560\" height=\"469\" style=\"border:none;overflow:hidden\" scrolling=\"no\" frameborder=\"0\" allowfullscreen=\"true\" allow=\"autoplay; clipboard-write; encrypted-media; picture-in-picture; web-share\" allowFullScreen=\"true\"><\/iframe>\n\n\n\n<p class=\"wp-block-paragraph\"><\/p>\n","protected":false},"excerpt":{"rendered":"<p>En el Bosque del Aguil se llev\u00f3 a cabo la conmemoraci\u00f3n del D\u00eda Nacional de la Acci\u00f3n Comunal, encuentro que reuni\u00f3 a los presidentes de las Juntas de Acci\u00f3n Comunal de los sectores urbanos y rurales del municipio. El evento tuvo como objetivo fortalecer la uni\u00f3n, el liderazgo comunitario y el trabajo colaborativo entre los [&hellip;]<\/p>\n","protected":false},"author":2,"featured_media":8966,"comment_status":"open","ping_status":"open","sticky":false,"template":"","format":"standard","meta":{"footnotes":""},"categories":[10,11,13,29],"tags":[],"class_list":["post-8965","post","type-post","status-publish","format-standard","has-post-thumbnail","hentry","category-general","category-local","category-news","category-rural"],"_links":{"self":[{"href":"https:\/\/camposerranoradio.com\/home\/wp-json\/wp\/v2\/posts\/8965","targetHints":{"allow":["GET"]}}],"collection":[{"href":"https:\/\/camposerranoradio.com\/home\/wp-json\/wp\/v2\/posts"}],"about":[{"href":"https:\/\/camposerranoradio.com\/home\/wp-json\/wp\/v2\/types\/post"}],"author":[{"embeddable":true,"href":"https:\/\/camposerranoradio.com\/home\/wp-json\/wp\/v2\/users\/2"}],"replies":[{"embeddable":true,"href":"https:\/\/camposerranoradio.com\/home\/wp-json\/wp\/v2\/comments?post=8965"}],"version-history":[{"count":2,"href":"https:\/\/camposerranoradio.com\/home\/wp-json\/wp\/v2\/posts\/8965\/revisions"}],"predecessor-version":[{"id":8980,"href":"https:\/\/camposerranoradio.com\/home\/wp-json\/wp\/v2\/posts\/8965\/revisions\/8980"}],"wp:featuredmedia":[{"embeddable":true,"href":"https:\/\/camposerranoradio.com\/home\/wp-json\/wp\/v2\/media\/8966"}],"wp:attachment":[{"href":"https:\/\/camposerranoradio.com\/home\/wp-json\/wp\/v2\/media?parent=8965"}],"wp:term":[{"taxonomy":"category","embeddable":true,"href":"https:\/\/camposerranoradio.com\/home\/wp-json\/wp\/v2\/categories?post=8965"},{"taxonomy":"post_tag","embeddable":true,"href":"https:\/\/camposerranoradio.com\/home\/wp-json\/wp\/v2\/tags?post=8965"}],"curies":[{"name":"wp","href":"https:\/\/api.w.org\/{rel}","templated":true}]}}