{"id":8972,"date":"2025-11-11T12:27:53","date_gmt":"2025-11-11T12:27:53","guid":{"rendered":"https:\/\/camposerranoradio.com\/home\/?p=8972"},"modified":"2025-11-11T12:27:53","modified_gmt":"2025-11-11T12:27:53","slug":"corresponsal-de-noticias-caracol-diego-velosa-fue-hospitalizado-en-aguachica","status":"publish","type":"post","link":"https:\/\/camposerranoradio.com\/home\/2025\/11\/11\/corresponsal-de-noticias-caracol-diego-velosa-fue-hospitalizado-en-aguachica\/","title":{"rendered":"CORRESPONSAL DE NOTICIAS CARACOL, DIEGO VELOSA, FUE HOSPITALIZADO EN AGUACHICA"},"content":{"rendered":"\n<p class=\"has-text-align-left wp-block-paragraph\">El corresponsal de Noticias Caracol, <strong>Diego Fernando Velosa Duque<\/strong><strong>,<\/strong> permanece internado en la Cl\u00ednica de Alta Complejidad de Aguachica, luego de presentar un fuerte dolor abdominal que requiri\u00f3 atenci\u00f3n m\u00e9dica inmediata.<\/p>\n\n\n\n<p class=\"has-text-align-left wp-block-paragraph\">Los especialistas est\u00e1n realizando estudios para determinar el origen del dolor, considerando diagn\u00f3sticos relacionados con la ves\u00edcula o el p\u00e1ncreas. Por ahora, Velosa Duque se encuentra estable y en observaci\u00f3n.<\/p>\n\n\n\n<p class=\"has-text-align-left wp-block-paragraph\">Amigos, compa\u00f1eros del gremio period\u00edstico y residentes del municipio han expresado sus mensajes de apoyo, elevando oraciones por su pronta recuperaci\u00f3n.<\/p>\n","protected":false},"excerpt":{"rendered":"<p>El corresponsal de Noticias Caracol, Diego Fernando Velosa Duque, permanece internado en la Cl\u00ednica de Alta Complejidad de Aguachica, luego de presentar un fuerte dolor abdominal que requiri\u00f3 atenci\u00f3n m\u00e9dica inmediata. Los especialistas est\u00e1n realizando estudios para determinar el origen del dolor, considerando diagn\u00f3sticos relacionados con la ves\u00edcula o el p\u00e1ncreas. Por ahora, Velosa Duque [&hellip;]<\/p>\n","protected":false},"author":2,"featured_media":8973,"comment_status":"open","ping_status":"open","sticky":false,"template":"","format":"standard","meta":{"footnotes":""},"categories":[10,11,17,13],"tags":[],"class_list":["post-8972","post","type-post","status-publish","format-standard","has-post-thumbnail","hentry","category-general","category-local","category-nacional","category-news"],"_links":{"self":[{"href":"https:\/\/camposerranoradio.com\/home\/wp-json\/wp\/v2\/posts\/8972","targetHints":{"allow":["GET"]}}],"collection":[{"href":"https:\/\/camposerranoradio.com\/home\/wp-json\/wp\/v2\/posts"}],"about":[{"href":"https:\/\/camposerranoradio.com\/home\/wp-json\/wp\/v2\/types\/post"}],"author":[{"embeddable":true,"href":"https:\/\/camposerranoradio.com\/home\/wp-json\/wp\/v2\/users\/2"}],"replies":[{"embeddable":true,"href":"https:\/\/camposerranoradio.com\/home\/wp-json\/wp\/v2\/comments?post=8972"}],"version-history":[{"count":1,"href":"https:\/\/camposerranoradio.com\/home\/wp-json\/wp\/v2\/posts\/8972\/revisions"}],"predecessor-version":[{"id":8974,"href":"https:\/\/camposerranoradio.com\/home\/wp-json\/wp\/v2\/posts\/8972\/revisions\/8974"}],"wp:featuredmedia":[{"embeddable":true,"href":"https:\/\/camposerranoradio.com\/home\/wp-json\/wp\/v2\/media\/8973"}],"wp:attachment":[{"href":"https:\/\/camposerranoradio.com\/home\/wp-json\/wp\/v2\/media?parent=8972"}],"wp:term":[{"taxonomy":"category","embeddable":true,"href":"https:\/\/camposerranoradio.com\/home\/wp-json\/wp\/v2\/categories?post=8972"},{"taxonomy":"post_tag","embeddable":true,"href":"https:\/\/camposerranoradio.com\/home\/wp-json\/wp\/v2\/tags?post=8972"}],"curies":[{"name":"wp","href":"https:\/\/api.w.org\/{rel}","templated":true}]}}