{"id":8975,"date":"2025-11-11T12:32:12","date_gmt":"2025-11-11T12:32:12","guid":{"rendered":"https:\/\/camposerranoradio.com\/home\/?p=8975"},"modified":"2025-11-11T12:32:12","modified_gmt":"2025-11-11T12:32:12","slug":"agricultores-utilizan-tramo-de-la-variante-gamarra-rio-de-oro-como-zona-de-secado-de-maiz-y-generan-afectaciones-en-la-movilidad","status":"publish","type":"post","link":"https:\/\/camposerranoradio.com\/home\/2025\/11\/11\/agricultores-utilizan-tramo-de-la-variante-gamarra-rio-de-oro-como-zona-de-secado-de-maiz-y-generan-afectaciones-en-la-movilidad\/","title":{"rendered":"AGRICULTORES UTILIZAN TRAMO DE LA VARIANTE GAMARRA \u2013 R\u00cdO DE ORO COMO ZONA DE SECADO DE MA\u00cdZ Y GENERAN AFECTACIONES EN LA MOVILIDAD"},"content":{"rendered":"\n<p class=\"has-text-align-left wp-block-paragraph\">En medio de la temporada de cosecha, un tramo de la v\u00eda que conecta el sector de <em>El Romboi<\/em> con la Variante Gamarra \u2013 R\u00edo de Oro est\u00e1 siendo utilizado como espacio para el secado de ma\u00edz, situaci\u00f3n que ha llamado la atenci\u00f3n de quienes se movilizan diariamente por el corredor vial.<\/p>\n\n\n\n<p class=\"has-text-align-left wp-block-paragraph\">En el lugar se observa el grano extendido sobre el pavimento, aprovechando el calor de la superficie para acelerar el proceso de secado. Esta pr\u00e1ctica, aunque conocida en algunas zonas rurales donde no existen infraestructuras adecuadas para el manejo postcosecha, ha generado preocupaci\u00f3n entre la comunidad que transita por el sector, debido a la reducci\u00f3n del espacio disponible para la circulaci\u00f3n vehicular y al riesgo de deslizamiento del ma\u00edz bajo las llantas.<\/p>\n\n\n\n<p class=\"has-text-align-left wp-block-paragraph\">Conductores y habitantes de la zona han se\u00f1alado que el tr\u00e1nsito se vuelve m\u00e1s lento y que, en ciertos momentos, se deben realizar maniobras para evitar pasar sobre el producto agr\u00edcola, situaci\u00f3n que podr\u00eda convertirse en un factor de accidentalidad.<\/p>\n\n\n\n<p class=\"has-text-align-left wp-block-paragraph\">La comunidad solicita la intervenci\u00f3n de las autoridades competentes con el fin de buscar alternativas que permitan apoyar a los productores sin afectar la movilidad ni la seguridad vial en este importante corredor.<\/p>\n","protected":false},"excerpt":{"rendered":"<p>En medio de la temporada de cosecha, un tramo de la v\u00eda que conecta el sector de El Romboi con la Variante Gamarra \u2013 R\u00edo de Oro est\u00e1 siendo utilizado como espacio para el secado de ma\u00edz, situaci\u00f3n que ha llamado la atenci\u00f3n de quienes se movilizan diariamente por el corredor vial. En el lugar [&hellip;]<\/p>\n","protected":false},"author":2,"featured_media":8976,"comment_status":"open","ping_status":"open","sticky":false,"template":"","format":"standard","meta":{"footnotes":""},"categories":[10,11,13,29],"tags":[],"class_list":["post-8975","post","type-post","status-publish","format-standard","has-post-thumbnail","hentry","category-general","category-local","category-news","category-rural"],"_links":{"self":[{"href":"https:\/\/camposerranoradio.com\/home\/wp-json\/wp\/v2\/posts\/8975","targetHints":{"allow":["GET"]}}],"collection":[{"href":"https:\/\/camposerranoradio.com\/home\/wp-json\/wp\/v2\/posts"}],"about":[{"href":"https:\/\/camposerranoradio.com\/home\/wp-json\/wp\/v2\/types\/post"}],"author":[{"embeddable":true,"href":"https:\/\/camposerranoradio.com\/home\/wp-json\/wp\/v2\/users\/2"}],"replies":[{"embeddable":true,"href":"https:\/\/camposerranoradio.com\/home\/wp-json\/wp\/v2\/comments?post=8975"}],"version-history":[{"count":1,"href":"https:\/\/camposerranoradio.com\/home\/wp-json\/wp\/v2\/posts\/8975\/revisions"}],"predecessor-version":[{"id":8977,"href":"https:\/\/camposerranoradio.com\/home\/wp-json\/wp\/v2\/posts\/8975\/revisions\/8977"}],"wp:featuredmedia":[{"embeddable":true,"href":"https:\/\/camposerranoradio.com\/home\/wp-json\/wp\/v2\/media\/8976"}],"wp:attachment":[{"href":"https:\/\/camposerranoradio.com\/home\/wp-json\/wp\/v2\/media?parent=8975"}],"wp:term":[{"taxonomy":"category","embeddable":true,"href":"https:\/\/camposerranoradio.com\/home\/wp-json\/wp\/v2\/categories?post=8975"},{"taxonomy":"post_tag","embeddable":true,"href":"https:\/\/camposerranoradio.com\/home\/wp-json\/wp\/v2\/tags?post=8975"}],"curies":[{"name":"wp","href":"https:\/\/api.w.org\/{rel}","templated":true}]}}