{"id":8982,"date":"2025-11-12T12:31:06","date_gmt":"2025-11-12T12:31:06","guid":{"rendered":"https:\/\/camposerranoradio.com\/home\/?p=8982"},"modified":"2025-11-12T12:31:06","modified_gmt":"2025-11-12T12:31:06","slug":"presupuesto-2026-concejo-de-aguachica-invita-a-dependencias-y-actores-sociales-a-participar-en-su-estudio","status":"publish","type":"post","link":"https:\/\/camposerranoradio.com\/home\/2025\/11\/12\/presupuesto-2026-concejo-de-aguachica-invita-a-dependencias-y-actores-sociales-a-participar-en-su-estudio\/","title":{"rendered":"PRESUPUESTO 2026. CONCEJO DE AGUACHICA INVITA A DEPENDENCIAS Y ACTORES SOCIALES A PARTICIPAR EN SU ESTUDIO."},"content":{"rendered":"\n<p class=\"has-text-align-left wp-block-paragraph\">El Concejo Municipal de Aguachica avanza en el an\u00e1lisis del Proyecto de Acuerdo No. 003 de 2025, documento mediante el cual se definir\u00e1 c\u00f3mo se distribuir\u00e1n los recursos del municipio durante la vigencia 2026.<\/p>\n\n\n\n<p class=\"has-text-align-left wp-block-paragraph\">Como parte del proceso, el concejal David Andr\u00e9s Beltr\u00e1n confirm\u00f3 que mediante la Proposici\u00f3n No. 004 del 10 de noviembre de 2025 se cit\u00f3 a los jefes de despacho de la Administraci\u00f3n Municipal a una sesi\u00f3n de trabajo este jueves 13 de noviembre a las 9:00 a.m., en el recinto del Concejo.<\/p>\n\n\n\n<p class=\"has-text-align-left wp-block-paragraph\">En este espacio se revisar\u00e1n las proyecciones de ingresos, gastos y fuentes de financiaci\u00f3n contempladas para el pr\u00f3ximo a\u00f1o.<\/p>\n\n\n\n<p class=\"wp-block-paragraph\">Beltr\u00e1n recalc\u00f3 que esta etapa del tr\u00e1mite busca que el presupuesto se construya con participaci\u00f3n amplia: <em>\u201cNuestro inter\u00e9s es que este proceso sea democr\u00e1tico y transparente. La comunidad tiene derecho a conocer y opinar sobre c\u00f3mo se planea invertir cada recurso,\u201d<\/em><em> destac\u00f3 el concejal durante la convocatoria.<\/em><\/p>\n\n\n\n<p class=\"wp-block-paragraph\">Adem\u00e1s de las dependencias municipales, el Concejo extendi\u00f3 la invitaci\u00f3n a las Juntas de Acci\u00f3n Comunal (JAC), al sector productivo, organizaciones sociales y ciudadan\u00eda en general para que participen activamente y aporten sus propuestas durante el an\u00e1lisis.<\/p>\n\n\n\n<p class=\"wp-block-paragraph\">Con esta sesi\u00f3n, el Concejo Municipal busca integrar la voz de la comunidad en la planeaci\u00f3n de los recursos del pr\u00f3ximo a\u00f1o, garantizando que las decisiones presupuestales respondan a las necesidades reales del territorio.<\/p>\n\n\n\n<iframe src=\"https:\/\/www.facebook.com\/plugins\/video.php?height=469&#038;href=https%3A%2F%2Fwww.facebook.com%2Freel%2F765894763176093%2F&#038;show_text=false&#038;width=560&#038;t=0\" width=\"560\" height=\"469\" style=\"border:none;overflow:hidden\" scrolling=\"no\" frameborder=\"0\" allowfullscreen=\"true\" allow=\"autoplay; clipboard-write; encrypted-media; picture-in-picture; web-share\" allowFullScreen=\"true\"><\/iframe>\n","protected":false},"excerpt":{"rendered":"<p>El Concejo Municipal de Aguachica avanza en el an\u00e1lisis del Proyecto de Acuerdo No. 003 de 2025, documento mediante el cual se definir\u00e1 c\u00f3mo se distribuir\u00e1n los recursos del municipio durante la vigencia 2026. Como parte del proceso, el concejal David Andr\u00e9s Beltr\u00e1n confirm\u00f3 que mediante la Proposici\u00f3n No. 004 del 10 de noviembre de [&hellip;]<\/p>\n","protected":false},"author":2,"featured_media":8983,"comment_status":"open","ping_status":"open","sticky":false,"template":"","format":"standard","meta":{"footnotes":""},"categories":[10,11,13,14,29],"tags":[],"class_list":["post-8982","post","type-post","status-publish","format-standard","has-post-thumbnail","hentry","category-general","category-local","category-news","category-politica","category-rural"],"_links":{"self":[{"href":"https:\/\/camposerranoradio.com\/home\/wp-json\/wp\/v2\/posts\/8982","targetHints":{"allow":["GET"]}}],"collection":[{"href":"https:\/\/camposerranoradio.com\/home\/wp-json\/wp\/v2\/posts"}],"about":[{"href":"https:\/\/camposerranoradio.com\/home\/wp-json\/wp\/v2\/types\/post"}],"author":[{"embeddable":true,"href":"https:\/\/camposerranoradio.com\/home\/wp-json\/wp\/v2\/users\/2"}],"replies":[{"embeddable":true,"href":"https:\/\/camposerranoradio.com\/home\/wp-json\/wp\/v2\/comments?post=8982"}],"version-history":[{"count":1,"href":"https:\/\/camposerranoradio.com\/home\/wp-json\/wp\/v2\/posts\/8982\/revisions"}],"predecessor-version":[{"id":8984,"href":"https:\/\/camposerranoradio.com\/home\/wp-json\/wp\/v2\/posts\/8982\/revisions\/8984"}],"wp:featuredmedia":[{"embeddable":true,"href":"https:\/\/camposerranoradio.com\/home\/wp-json\/wp\/v2\/media\/8983"}],"wp:attachment":[{"href":"https:\/\/camposerranoradio.com\/home\/wp-json\/wp\/v2\/media?parent=8982"}],"wp:term":[{"taxonomy":"category","embeddable":true,"href":"https:\/\/camposerranoradio.com\/home\/wp-json\/wp\/v2\/categories?post=8982"},{"taxonomy":"post_tag","embeddable":true,"href":"https:\/\/camposerranoradio.com\/home\/wp-json\/wp\/v2\/tags?post=8982"}],"curies":[{"name":"wp","href":"https:\/\/api.w.org\/{rel}","templated":true}]}}