{"id":8988,"date":"2025-11-12T12:51:40","date_gmt":"2025-11-12T12:51:40","guid":{"rendered":"https:\/\/camposerranoradio.com\/home\/?p=8988"},"modified":"2025-11-12T12:51:40","modified_gmt":"2025-11-12T12:51:40","slug":"primer-tramo-de-la-avenida-cielo-queda-habilitado-en-aguachica","status":"publish","type":"post","link":"https:\/\/camposerranoradio.com\/home\/2025\/11\/12\/primer-tramo-de-la-avenida-cielo-queda-habilitado-en-aguachica\/","title":{"rendered":"PRIMER TRAMO DE LA AVENIDA CIELO QUEDA HABILITADO EN AGUACHICA"},"content":{"rendered":"\n<p class=\"has-text-align-left wp-block-paragraph\">Luego de dos a\u00f1os desde el inicio de la obra, fue habilitado el primer tramo de la <em>Avenida Cielo<\/em> en Aguachica, en el sector de la calle 16 con carrera 15, entre los barrios Romero D\u00edaz e Idema. La apertura se dio tras la instalaci\u00f3n de las rejillas que permitieron restablecer el paso vehicular por esta importante v\u00eda.<\/p>\n\n\n\n<p class=\"has-text-align-left wp-block-paragraph\">Durante este tiempo, la comunidad del sector sufri\u00f3 m\u00faltiples afectaciones: la v\u00eda permaneci\u00f3 cerrada por un periodo prolongado, lo que limit\u00f3 el acceso a viviendas y negocios, redujo la movilidad y gener\u00f3 p\u00e9rdidas econ\u00f3micas para los comerciantes debido a la disminuci\u00f3n del flujo de clientes.<\/p>\n\n\n\n<p class=\"wp-block-paragraph\">Habitantes y comerciantes hab\u00edan expresado repetidamente su molestia por la lentitud de los trabajos y la falta de claridad en la ejecuci\u00f3n de la obra, cuestionando la supervisi\u00f3n y la gesti\u00f3n por parte de las entidades encargadas del proyecto.<\/p>\n\n\n\n<p class=\"wp-block-paragraph\">\u201cNos toc\u00f3 soportar dificultades todos los d\u00edas. Solo quer\u00edamos ver avances y poder movilizarnos con tranquilidad\u201d, se\u00f1alaron vecinos del sector, quienes recibieron con alivio la apertura del tramo.<\/p>\n\n\n\n<p class=\"wp-block-paragraph\">Aunque el paso vehicular ya est\u00e1 habilitado, la comunidad espera que el resto de la intervenci\u00f3n avance sin nuevas interrupciones y que las futuras obras en Aguachica se desarrollen con mayor organizaci\u00f3n, responsabilidad y eficiencia.<\/p>\n","protected":false},"excerpt":{"rendered":"<p>Luego de dos a\u00f1os desde el inicio de la obra, fue habilitado el primer tramo de la Avenida Cielo en Aguachica, en el sector de la calle 16 con carrera 15, entre los barrios Romero D\u00edaz e Idema. La apertura se dio tras la instalaci\u00f3n de las rejillas que permitieron restablecer el paso vehicular por [&hellip;]<\/p>\n","protected":false},"author":2,"featured_media":8989,"comment_status":"open","ping_status":"open","sticky":false,"template":"","format":"standard","meta":{"footnotes":""},"categories":[10,11,13],"tags":[],"class_list":["post-8988","post","type-post","status-publish","format-standard","has-post-thumbnail","hentry","category-general","category-local","category-news"],"_links":{"self":[{"href":"https:\/\/camposerranoradio.com\/home\/wp-json\/wp\/v2\/posts\/8988","targetHints":{"allow":["GET"]}}],"collection":[{"href":"https:\/\/camposerranoradio.com\/home\/wp-json\/wp\/v2\/posts"}],"about":[{"href":"https:\/\/camposerranoradio.com\/home\/wp-json\/wp\/v2\/types\/post"}],"author":[{"embeddable":true,"href":"https:\/\/camposerranoradio.com\/home\/wp-json\/wp\/v2\/users\/2"}],"replies":[{"embeddable":true,"href":"https:\/\/camposerranoradio.com\/home\/wp-json\/wp\/v2\/comments?post=8988"}],"version-history":[{"count":1,"href":"https:\/\/camposerranoradio.com\/home\/wp-json\/wp\/v2\/posts\/8988\/revisions"}],"predecessor-version":[{"id":8990,"href":"https:\/\/camposerranoradio.com\/home\/wp-json\/wp\/v2\/posts\/8988\/revisions\/8990"}],"wp:featuredmedia":[{"embeddable":true,"href":"https:\/\/camposerranoradio.com\/home\/wp-json\/wp\/v2\/media\/8989"}],"wp:attachment":[{"href":"https:\/\/camposerranoradio.com\/home\/wp-json\/wp\/v2\/media?parent=8988"}],"wp:term":[{"taxonomy":"category","embeddable":true,"href":"https:\/\/camposerranoradio.com\/home\/wp-json\/wp\/v2\/categories?post=8988"},{"taxonomy":"post_tag","embeddable":true,"href":"https:\/\/camposerranoradio.com\/home\/wp-json\/wp\/v2\/tags?post=8988"}],"curies":[{"name":"wp","href":"https:\/\/api.w.org\/{rel}","templated":true}]}}