{"id":8991,"date":"2025-11-12T13:00:10","date_gmt":"2025-11-12T13:00:10","guid":{"rendered":"https:\/\/camposerranoradio.com\/home\/?p=8991"},"modified":"2025-11-12T13:00:10","modified_gmt":"2025-11-12T13:00:10","slug":"victimas-del-conflicto-accedieron-a-servicios-medicos-y-actividades-de-bienestar-en-aguachica","status":"publish","type":"post","link":"https:\/\/camposerranoradio.com\/home\/2025\/11\/12\/victimas-del-conflicto-accedieron-a-servicios-medicos-y-actividades-de-bienestar-en-aguachica\/","title":{"rendered":"V\u00cdCTIMAS DEL CONFLICTO ACCEDIERON A SERVICIOS M\u00c9DICOS Y ACTIVIDADES DE BIENESTAR EN AGUACHICA"},"content":{"rendered":"\n<p class=\"has-text-align-left wp-block-paragraph\">El Punto de Atenci\u00f3n a V\u00edctimas de Aguachica llev\u00f3 a cabo el <strong>\u00abBingo de la Salud\u00bb<\/strong>, una jornada dise\u00f1ada especialmente para la poblaci\u00f3n afectada por el conflicto armado, con el prop\u00f3sito de acercar la atenci\u00f3n en salud y fortalecer su bienestar f\u00edsico y emocional.<\/p>\n\n\n\n<p class=\"has-text-align-left wp-block-paragraph\">Durante el evento, los asistentes accedieron a servicios de<strong> medicina general, psicolog\u00eda, odontolog\u00eda y nutrici\u00f3n<\/strong>, recibieron orientaci\u00f3n sobre h\u00e1bitos de vida saludables y participaron en actividades recreativas en un ambiente de integraci\u00f3n comunitaria.<\/p>\n\n\n\n<p class=\"has-text-align-left wp-block-paragraph\">La actividad combin\u00f3 atenci\u00f3n integral con espacios l\u00fadicos y entrega de premios, buscando que la salud se viviera de una manera cercana y amena. La iniciativa tambi\u00e9n permiti\u00f3 a los participantes despejar su mente, socializar y fortalecer su autoestima mediante el acompa\u00f1amiento profesional.<\/p>\n\n\n\n<p class=\"has-text-align-left wp-block-paragraph\">El Punto de Atenci\u00f3n a V\u00edctimas destac\u00f3 que este tipo de espacios contribuye a mejorar la calidad de vida de quienes han vivido situaciones de violencia, record\u00e1ndoles que el acceso a la salud es un derecho fundamental.<\/p>\n","protected":false},"excerpt":{"rendered":"<p>El Punto de Atenci\u00f3n a V\u00edctimas de Aguachica llev\u00f3 a cabo el \u00abBingo de la Salud\u00bb, una jornada dise\u00f1ada especialmente para la poblaci\u00f3n afectada por el conflicto armado, con el prop\u00f3sito de acercar la atenci\u00f3n en salud y fortalecer su bienestar f\u00edsico y emocional. Durante el evento, los asistentes accedieron a servicios de medicina general, [&hellip;]<\/p>\n","protected":false},"author":2,"featured_media":8992,"comment_status":"open","ping_status":"open","sticky":false,"template":"","format":"standard","meta":{"footnotes":""},"categories":[10,11,13],"tags":[],"class_list":["post-8991","post","type-post","status-publish","format-standard","has-post-thumbnail","hentry","category-general","category-local","category-news"],"_links":{"self":[{"href":"https:\/\/camposerranoradio.com\/home\/wp-json\/wp\/v2\/posts\/8991","targetHints":{"allow":["GET"]}}],"collection":[{"href":"https:\/\/camposerranoradio.com\/home\/wp-json\/wp\/v2\/posts"}],"about":[{"href":"https:\/\/camposerranoradio.com\/home\/wp-json\/wp\/v2\/types\/post"}],"author":[{"embeddable":true,"href":"https:\/\/camposerranoradio.com\/home\/wp-json\/wp\/v2\/users\/2"}],"replies":[{"embeddable":true,"href":"https:\/\/camposerranoradio.com\/home\/wp-json\/wp\/v2\/comments?post=8991"}],"version-history":[{"count":1,"href":"https:\/\/camposerranoradio.com\/home\/wp-json\/wp\/v2\/posts\/8991\/revisions"}],"predecessor-version":[{"id":8993,"href":"https:\/\/camposerranoradio.com\/home\/wp-json\/wp\/v2\/posts\/8991\/revisions\/8993"}],"wp:featuredmedia":[{"embeddable":true,"href":"https:\/\/camposerranoradio.com\/home\/wp-json\/wp\/v2\/media\/8992"}],"wp:attachment":[{"href":"https:\/\/camposerranoradio.com\/home\/wp-json\/wp\/v2\/media?parent=8991"}],"wp:term":[{"taxonomy":"category","embeddable":true,"href":"https:\/\/camposerranoradio.com\/home\/wp-json\/wp\/v2\/categories?post=8991"},{"taxonomy":"post_tag","embeddable":true,"href":"https:\/\/camposerranoradio.com\/home\/wp-json\/wp\/v2\/tags?post=8991"}],"curies":[{"name":"wp","href":"https:\/\/api.w.org\/{rel}","templated":true}]}}