{"id":8994,"date":"2025-11-13T11:55:55","date_gmt":"2025-11-13T11:55:55","guid":{"rendered":"https:\/\/camposerranoradio.com\/home\/?p=8994"},"modified":"2025-11-13T11:55:55","modified_gmt":"2025-11-13T11:55:55","slug":"aguachica-se-viste-de-gala-con-la-eleccion-y-coronacion-de-senora-cesar-2025","status":"publish","type":"post","link":"https:\/\/camposerranoradio.com\/home\/2025\/11\/13\/aguachica-se-viste-de-gala-con-la-eleccion-y-coronacion-de-senora-cesar-2025\/","title":{"rendered":"AGUACHICA SE VISTE DE GALA CON LA ELECCI\u00d3N Y CORONACI\u00d3N DE SE\u00d1ORA CESAR 2025"},"content":{"rendered":"\n<p class=\"has-text-align-left wp-block-paragraph\">Aguachica ser\u00e1 epicentro de la belleza, la elegancia y el talento femenino con la realizaci\u00f3n del certamen <strong>Se\u00f1ora Cesar 2025<\/strong>, un evento que reunir\u00e1 a representantes de <strong>seis municipios del departamento<\/strong> en una celebraci\u00f3n llena de cultura, glamour y orgullo cesarense.<\/p>\n\n\n\n<p class=\"has-text-align-left wp-block-paragraph\">El <strong>s\u00e1bado 15 de noviembre<\/strong><strong>,<\/strong> las candidatas har\u00e1n su <strong>presentaci\u00f3n inicial durante la fiesta organizada por la Universidad Popular del Cesar<\/strong>, en el marco del tradicional <strong>Festival del Sancocho<\/strong>, donde compartir\u00e1n con la comunidad y mostrar\u00e1n su carisma ante el p\u00fablico.<\/p>\n\n\n\n<p class=\"wp-block-paragraph\">El <strong>domingo 16 de noviembre<\/strong><strong>,<\/strong> a partir de las <strong>4:00 de la tarde<\/strong><strong>,<\/strong> se llevar\u00e1 a cabo la <strong>ceremonia de elecci\u00f3n y coronaci\u00f3n<\/strong>en el<strong>auditorio de la C\u00e1mara de Comercio de Aguachica<\/strong>, donde se conocer\u00e1 a la nueva <strong>Se\u00f1ora Cesar 2025<\/strong><strong>.<\/strong><\/p>\n\n\n\n<p class=\"wp-block-paragraph\">La ganadora de este importante certamen representar\u00e1 al departamento del Cesar en el <strong>Reinado Nacional de Se\u00f1ora Colombia<\/strong><strong>, <\/strong>que se realizar\u00e1 el <strong>29 de noviembre en la ciudad de Bogot\u00e1<\/strong><strong>,<\/strong> llevando en alto el nombre de la regi\u00f3n.<\/p>\n\n\n\n<p class=\"wp-block-paragraph\">Con este evento, <strong>Aguachica<\/strong> reafirma su papel como centro cultural del sur del Cesar, acogiendo una gala que exalta la belleza integral de la mujer y promueve la identidad, el turismo y la uni\u00f3n regional.<\/p>\n","protected":false},"excerpt":{"rendered":"<p>Aguachica ser\u00e1 epicentro de la belleza, la elegancia y el talento femenino con la realizaci\u00f3n del certamen Se\u00f1ora Cesar 2025, un evento que reunir\u00e1 a representantes de seis municipios del departamento en una celebraci\u00f3n llena de cultura, glamour y orgullo cesarense. El s\u00e1bado 15 de noviembre, las candidatas har\u00e1n su presentaci\u00f3n inicial durante la fiesta [&hellip;]<\/p>\n","protected":false},"author":2,"featured_media":8995,"comment_status":"open","ping_status":"open","sticky":false,"template":"","format":"standard","meta":{"footnotes":""},"categories":[10,11,13,5],"tags":[],"class_list":["post-8994","post","type-post","status-publish","format-standard","has-post-thumbnail","hentry","category-general","category-local","category-news","category-regional"],"_links":{"self":[{"href":"https:\/\/camposerranoradio.com\/home\/wp-json\/wp\/v2\/posts\/8994","targetHints":{"allow":["GET"]}}],"collection":[{"href":"https:\/\/camposerranoradio.com\/home\/wp-json\/wp\/v2\/posts"}],"about":[{"href":"https:\/\/camposerranoradio.com\/home\/wp-json\/wp\/v2\/types\/post"}],"author":[{"embeddable":true,"href":"https:\/\/camposerranoradio.com\/home\/wp-json\/wp\/v2\/users\/2"}],"replies":[{"embeddable":true,"href":"https:\/\/camposerranoradio.com\/home\/wp-json\/wp\/v2\/comments?post=8994"}],"version-history":[{"count":1,"href":"https:\/\/camposerranoradio.com\/home\/wp-json\/wp\/v2\/posts\/8994\/revisions"}],"predecessor-version":[{"id":8996,"href":"https:\/\/camposerranoradio.com\/home\/wp-json\/wp\/v2\/posts\/8994\/revisions\/8996"}],"wp:featuredmedia":[{"embeddable":true,"href":"https:\/\/camposerranoradio.com\/home\/wp-json\/wp\/v2\/media\/8995"}],"wp:attachment":[{"href":"https:\/\/camposerranoradio.com\/home\/wp-json\/wp\/v2\/media?parent=8994"}],"wp:term":[{"taxonomy":"category","embeddable":true,"href":"https:\/\/camposerranoradio.com\/home\/wp-json\/wp\/v2\/categories?post=8994"},{"taxonomy":"post_tag","embeddable":true,"href":"https:\/\/camposerranoradio.com\/home\/wp-json\/wp\/v2\/tags?post=8994"}],"curies":[{"name":"wp","href":"https:\/\/api.w.org\/{rel}","templated":true}]}}