{"id":9000,"date":"2025-11-13T12:09:28","date_gmt":"2025-11-13T12:09:28","guid":{"rendered":"https:\/\/camposerranoradio.com\/home\/?p=9000"},"modified":"2025-11-13T12:09:28","modified_gmt":"2025-11-13T12:09:28","slug":"aguachica-estrena-nueva-ruta-aerea-directa-con-barranquilla-a-partir-del-7-de-diciembre","status":"publish","type":"post","link":"https:\/\/camposerranoradio.com\/home\/2025\/11\/13\/aguachica-estrena-nueva-ruta-aerea-directa-con-barranquilla-a-partir-del-7-de-diciembre\/","title":{"rendered":"AGUACHICA ESTRENA NUEVA RUTA A\u00c9REA DIRECTA CON BARRANQUILLA A PARTIR DEL 7 DE DICIEMBRE"},"content":{"rendered":"\n<p class=\"has-text-align-left wp-block-paragraph\">La conectividad a\u00e9rea del sur del Cesar da un nuevo paso con la apertura de la <strong>ruta Aguachica\u2013Barranquilla\u2013Aguachica<\/strong>, que comenzar\u00e1 a operar el <strong>7 de diciembre<\/strong> bajo la aerol\u00ednea <strong>Satena. &nbsp;<\/strong><\/p>\n\n\n\n<p class=\"has-text-align-left wp-block-paragraph\">Esta nueva conexi\u00f3n estar\u00e1 disponible los d\u00edas <strong>martes, jueves y domingo<\/strong><strong>,<\/strong> ofreciendo una alternativa r\u00e1pida, segura y c\u00f3moda para quienes viajan entre ambas ciudades. Con tarifas accesibles, esta ruta permitir\u00e1 a m\u00e1s personas disfrutar de un servicio a\u00e9reo eficiente y cercano.<\/p>\n\n\n\n<p class=\"wp-block-paragraph\">El<strong>presidente ejecutivo de la C\u00e1mara de Comercio de Aguachica, Anuar Yaver Escobar<\/strong>, destac\u00f3 la importancia de esta gesti\u00f3n para el desarrollo del municipio y la regi\u00f3n. <em>\u201cApoyemos estas conexiones que son de gran utilidad para todos. Lo que se gana en tiempo y comodidad hace que valga la pena aprovechar esta nueva opci\u00f3n\u201d,<\/em> afirm\u00f3.<\/p>\n\n\n\n<p class=\"wp-block-paragraph\">La entrada en operaci\u00f3n de esta ruta no solo beneficia a empresarios y comerciantes, sino que tambi\u00e9n impulsa el turismo y la integraci\u00f3n regional, posicionando a <strong>Aguachica como un punto estrat\u00e9gico del corredor log\u00edstico del Caribe y el Magdalena Medio<\/strong><strong>.<\/strong><\/p>\n\n\n\n<p class=\"wp-block-paragraph\">Con este logro, la <strong>C\u00e1mara de Comercio de Aguachica<\/strong> reafirma su compromiso con el progreso del territorio y con la promoci\u00f3n de iniciativas que fortalecen la conectividad, la competitividad y las oportunidades para toda la comunidad.<\/p>\n","protected":false},"excerpt":{"rendered":"<p>La conectividad a\u00e9rea del sur del Cesar da un nuevo paso con la apertura de la ruta Aguachica\u2013Barranquilla\u2013Aguachica, que comenzar\u00e1 a operar el 7 de diciembre bajo la aerol\u00ednea Satena. &nbsp; Esta nueva conexi\u00f3n estar\u00e1 disponible los d\u00edas martes, jueves y domingo, ofreciendo una alternativa r\u00e1pida, segura y c\u00f3moda para quienes viajan entre ambas ciudades. [&hellip;]<\/p>\n","protected":false},"author":2,"featured_media":9001,"comment_status":"open","ping_status":"open","sticky":false,"template":"","format":"standard","meta":{"footnotes":""},"categories":[10,11,17,13,5,29],"tags":[],"class_list":["post-9000","post","type-post","status-publish","format-standard","has-post-thumbnail","hentry","category-general","category-local","category-nacional","category-news","category-regional","category-rural"],"_links":{"self":[{"href":"https:\/\/camposerranoradio.com\/home\/wp-json\/wp\/v2\/posts\/9000","targetHints":{"allow":["GET"]}}],"collection":[{"href":"https:\/\/camposerranoradio.com\/home\/wp-json\/wp\/v2\/posts"}],"about":[{"href":"https:\/\/camposerranoradio.com\/home\/wp-json\/wp\/v2\/types\/post"}],"author":[{"embeddable":true,"href":"https:\/\/camposerranoradio.com\/home\/wp-json\/wp\/v2\/users\/2"}],"replies":[{"embeddable":true,"href":"https:\/\/camposerranoradio.com\/home\/wp-json\/wp\/v2\/comments?post=9000"}],"version-history":[{"count":1,"href":"https:\/\/camposerranoradio.com\/home\/wp-json\/wp\/v2\/posts\/9000\/revisions"}],"predecessor-version":[{"id":9002,"href":"https:\/\/camposerranoradio.com\/home\/wp-json\/wp\/v2\/posts\/9000\/revisions\/9002"}],"wp:featuredmedia":[{"embeddable":true,"href":"https:\/\/camposerranoradio.com\/home\/wp-json\/wp\/v2\/media\/9001"}],"wp:attachment":[{"href":"https:\/\/camposerranoradio.com\/home\/wp-json\/wp\/v2\/media?parent=9000"}],"wp:term":[{"taxonomy":"category","embeddable":true,"href":"https:\/\/camposerranoradio.com\/home\/wp-json\/wp\/v2\/categories?post=9000"},{"taxonomy":"post_tag","embeddable":true,"href":"https:\/\/camposerranoradio.com\/home\/wp-json\/wp\/v2\/tags?post=9000"}],"curies":[{"name":"wp","href":"https:\/\/api.w.org\/{rel}","templated":true}]}}