{"id":9003,"date":"2025-11-13T12:15:01","date_gmt":"2025-11-13T12:15:01","guid":{"rendered":"https:\/\/camposerranoradio.com\/home\/?p=9003"},"modified":"2025-11-13T12:15:01","modified_gmt":"2025-11-13T12:15:01","slug":"el-parque-potosi-vuelve-a-brillar-con-un-moderno-sistema-de-iluminacion-en-aguachica","status":"publish","type":"post","link":"https:\/\/camposerranoradio.com\/home\/2025\/11\/13\/el-parque-potosi-vuelve-a-brillar-con-un-moderno-sistema-de-iluminacion-en-aguachica\/","title":{"rendered":"EL PARQUE POTOS\u00cd VUELVE A BRILLAR CON UN MODERNO SISTEMA DE ILUMINACI\u00d3N EN AGUACHICA"},"content":{"rendered":"\n<p class=\"has-text-align-left wp-block-paragraph\">El emblem\u00e1tico Parque Potos\u00ed recupera su encanto gracias a la instalaci\u00f3n de un moderno sistema de alumbrado p\u00fablico que transforma por completo su entorno. Este espacio, que durante a\u00f1os estuvo en el abandono, vuelve a ser punto de encuentro para las familias y visitantes del municipio.<\/p>\n\n\n\n<p class=\"has-text-align-left wp-block-paragraph\">La nueva iluminaci\u00f3n no solo embellece el lugar, sino que tambi\u00e9n mejora la seguridad y la convivencia, permitiendo que los habitantes disfruten nuevamente de las noches en un ambiente m\u00e1s tranquilo y acogedor.<\/p>\n\n\n\n<p class=\"wp-block-paragraph\">El proyecto cont\u00f3 con el apoyo del sector privado, entre ellos la empresa <strong>AGM Desarrollo<\/strong><strong>,<\/strong> que se sum\u00f3 a este esfuerzo por recuperar los espacios p\u00fablicos y fortalecer el sentido de pertenencia y orgullo entre los ciudadanos.<\/p>\n\n\n\n<p class=\"wp-block-paragraph\">El <strong>presidente del Concejo Municipal, Jos\u00e9 Juli\u00e1n Pacheco<\/strong><strong>,<\/strong> acompa\u00f1\u00f3 el desarrollo de la iniciativa y resalt\u00f3 la importancia de recuperar zonas que promuevan la integraci\u00f3n comunitaria y el bienestar colectivo.<\/p>\n\n\n\n<p class=\"wp-block-paragraph\">Con esta renovaci\u00f3n, el Parque Potos\u00ed se consolida como un s\u00edmbolo del renacer urbano de Aguachica, demostrando que cuando hay cooperaci\u00f3n y compromiso, los espacios p\u00fablicos pueden volver a brillar con fuerza propia.<\/p>\n","protected":false},"excerpt":{"rendered":"<p>El emblem\u00e1tico Parque Potos\u00ed recupera su encanto gracias a la instalaci\u00f3n de un moderno sistema de alumbrado p\u00fablico que transforma por completo su entorno. Este espacio, que durante a\u00f1os estuvo en el abandono, vuelve a ser punto de encuentro para las familias y visitantes del municipio. La nueva iluminaci\u00f3n no solo embellece el lugar, sino [&hellip;]<\/p>\n","protected":false},"author":2,"featured_media":9004,"comment_status":"open","ping_status":"open","sticky":false,"template":"","format":"standard","meta":{"footnotes":""},"categories":[10,11,13],"tags":[],"class_list":["post-9003","post","type-post","status-publish","format-standard","has-post-thumbnail","hentry","category-general","category-local","category-news"],"_links":{"self":[{"href":"https:\/\/camposerranoradio.com\/home\/wp-json\/wp\/v2\/posts\/9003","targetHints":{"allow":["GET"]}}],"collection":[{"href":"https:\/\/camposerranoradio.com\/home\/wp-json\/wp\/v2\/posts"}],"about":[{"href":"https:\/\/camposerranoradio.com\/home\/wp-json\/wp\/v2\/types\/post"}],"author":[{"embeddable":true,"href":"https:\/\/camposerranoradio.com\/home\/wp-json\/wp\/v2\/users\/2"}],"replies":[{"embeddable":true,"href":"https:\/\/camposerranoradio.com\/home\/wp-json\/wp\/v2\/comments?post=9003"}],"version-history":[{"count":1,"href":"https:\/\/camposerranoradio.com\/home\/wp-json\/wp\/v2\/posts\/9003\/revisions"}],"predecessor-version":[{"id":9005,"href":"https:\/\/camposerranoradio.com\/home\/wp-json\/wp\/v2\/posts\/9003\/revisions\/9005"}],"wp:featuredmedia":[{"embeddable":true,"href":"https:\/\/camposerranoradio.com\/home\/wp-json\/wp\/v2\/media\/9004"}],"wp:attachment":[{"href":"https:\/\/camposerranoradio.com\/home\/wp-json\/wp\/v2\/media?parent=9003"}],"wp:term":[{"taxonomy":"category","embeddable":true,"href":"https:\/\/camposerranoradio.com\/home\/wp-json\/wp\/v2\/categories?post=9003"},{"taxonomy":"post_tag","embeddable":true,"href":"https:\/\/camposerranoradio.com\/home\/wp-json\/wp\/v2\/tags?post=9003"}],"curies":[{"name":"wp","href":"https:\/\/api.w.org\/{rel}","templated":true}]}}