{"id":9006,"date":"2025-11-14T12:38:58","date_gmt":"2025-11-14T12:38:58","guid":{"rendered":"https:\/\/camposerranoradio.com\/home\/?p=9006"},"modified":"2025-11-14T12:38:58","modified_gmt":"2025-11-14T12:38:58","slug":"cerrado-el-palacio-de-justicia-en-aguachica-por-24-horas-ante-incumplimiento-del-gobierno","status":"publish","type":"post","link":"https:\/\/camposerranoradio.com\/home\/2025\/11\/14\/cerrado-el-palacio-de-justicia-en-aguachica-por-24-horas-ante-incumplimiento-del-gobierno\/","title":{"rendered":"CERRADO EL PALACIO DE JUSTICIA EN AGUACHICA POR 24 HORAS ANTE INCUMPLIMIENTO DEL GOBIERNO"},"content":{"rendered":"\n<p class=\"has-text-align-left wp-block-paragraph\">Este jueves 13 de noviembre, los funcionarios judiciales de la seccional Aguachica suspendieron completamente sus actividades y mantuvieron cerrado el Palacio de Justicia durante toda la jornada, en reclamo por el incumplimiento del Gobierno Nacional en el pago del retroactivo de la bonificaci\u00f3n judicial anual.<\/p>\n\n\n\n<p class=\"has-text-align-left wp-block-paragraph\">La suspensi\u00f3n, que hace parte de una directriz nacional del gremiojudicial, busca llamar la atenci\u00f3n del Ejecutivo ante el retraso en la firma del acuerdo que garantizar\u00eda el pago de este beneficio, el cual, seg\u00fan los trabajadores, sol\u00eda hacerse efectivo en los primeros meses del a\u00f1o.<\/p>\n\n\n\n<p class=\"has-text-align-left wp-block-paragraph\">Durante el cierre, los empleados permanecieron en las instalaciones ubicadas sobre la v\u00eda Quinta A, entre la carrera 10 y 11, expresando su inconformidad por la falta de respuesta del Gobierno y las dif\u00edciles condiciones laborales que atraviesan en el circuito judicial de Aguachica, donde existe escasez de personal, alta congesti\u00f3n de procesos y ausencia de un centro de servicios para atender la creciente carga judicial del municipio.<\/p>\n\n\n\n<p class=\"has-text-align-left wp-block-paragraph\">Leonardo Marimon, vicepresidente de la zona del Judicial en el Cesar, se\u00f1al\u00f3 que la situaci\u00f3n refleja un desgaste continuo por la falta de compromiso del Gobierno.<\/p>\n\n\n\n<p class=\"has-text-align-left wp-block-paragraph\">\u201cLos judiciales tambi\u00e9n tenemos dignidad. Ya casi termina el a\u00f1o y seguimos esperando la firma del acuerdo\u201d, manifest\u00f3.<\/p>\n\n\n\n<p class=\"has-text-align-left wp-block-paragraph\">Al finalizar la jornada, las actividades judiciales en Aguachica se reanudan con normalidad.<\/p>\n\n\n\n<iframe src=\"https:\/\/www.facebook.com\/plugins\/video.php?height=469&#038;href=https%3A%2F%2Fwww.facebook.com%2Freel%2F25040595275596017%2F&#038;show_text=false&#038;width=560&#038;t=0\" width=\"560\" height=\"469\" style=\"border:none;overflow:hidden\" scrolling=\"no\" frameborder=\"0\" allowfullscreen=\"true\" allow=\"autoplay; clipboard-write; encrypted-media; picture-in-picture; web-share\" allowFullScreen=\"true\"><\/iframe>\n","protected":false},"excerpt":{"rendered":"<p>Este jueves 13 de noviembre, los funcionarios judiciales de la seccional Aguachica suspendieron completamente sus actividades y mantuvieron cerrado el Palacio de Justicia durante toda la jornada, en reclamo por el incumplimiento del Gobierno Nacional en el pago del retroactivo de la bonificaci\u00f3n judicial anual. La suspensi\u00f3n, que hace parte de una directriz nacional del [&hellip;]<\/p>\n","protected":false},"author":2,"featured_media":9007,"comment_status":"open","ping_status":"open","sticky":false,"template":"","format":"standard","meta":{"footnotes":""},"categories":[10,11,17,13],"tags":[],"class_list":["post-9006","post","type-post","status-publish","format-standard","has-post-thumbnail","hentry","category-general","category-local","category-nacional","category-news"],"_links":{"self":[{"href":"https:\/\/camposerranoradio.com\/home\/wp-json\/wp\/v2\/posts\/9006","targetHints":{"allow":["GET"]}}],"collection":[{"href":"https:\/\/camposerranoradio.com\/home\/wp-json\/wp\/v2\/posts"}],"about":[{"href":"https:\/\/camposerranoradio.com\/home\/wp-json\/wp\/v2\/types\/post"}],"author":[{"embeddable":true,"href":"https:\/\/camposerranoradio.com\/home\/wp-json\/wp\/v2\/users\/2"}],"replies":[{"embeddable":true,"href":"https:\/\/camposerranoradio.com\/home\/wp-json\/wp\/v2\/comments?post=9006"}],"version-history":[{"count":1,"href":"https:\/\/camposerranoradio.com\/home\/wp-json\/wp\/v2\/posts\/9006\/revisions"}],"predecessor-version":[{"id":9008,"href":"https:\/\/camposerranoradio.com\/home\/wp-json\/wp\/v2\/posts\/9006\/revisions\/9008"}],"wp:featuredmedia":[{"embeddable":true,"href":"https:\/\/camposerranoradio.com\/home\/wp-json\/wp\/v2\/media\/9007"}],"wp:attachment":[{"href":"https:\/\/camposerranoradio.com\/home\/wp-json\/wp\/v2\/media?parent=9006"}],"wp:term":[{"taxonomy":"category","embeddable":true,"href":"https:\/\/camposerranoradio.com\/home\/wp-json\/wp\/v2\/categories?post=9006"},{"taxonomy":"post_tag","embeddable":true,"href":"https:\/\/camposerranoradio.com\/home\/wp-json\/wp\/v2\/tags?post=9006"}],"curies":[{"name":"wp","href":"https:\/\/api.w.org\/{rel}","templated":true}]}}