{"id":9015,"date":"2025-11-14T12:58:45","date_gmt":"2025-11-14T12:58:45","guid":{"rendered":"https:\/\/camposerranoradio.com\/home\/?p=9015"},"modified":"2025-11-14T12:58:45","modified_gmt":"2025-11-14T12:58:45","slug":"seis-meses-sin-brayan-forero-cardenas-familia-y-comunidad-claman-por-su-libertad","status":"publish","type":"post","link":"https:\/\/camposerranoradio.com\/home\/2025\/11\/14\/seis-meses-sin-brayan-forero-cardenas-familia-y-comunidad-claman-por-su-libertad\/","title":{"rendered":"SEIS MESES SIN BRAYAN FORERO C\u00c1RDENAS, FAMILIA Y COMUNIDAD CLAMAN POR SU LIBERTAD"},"content":{"rendered":"\n<p class=\"has-text-align-left wp-block-paragraph\">Este 15 de noviembre se cumplen seis meses del secuestro de Brayan Forero C\u00e1rdenas, un joven comerciante del municipio que fue privado de su libertad el pasado 15 de mayo, alrededor de las 11:50 de la ma\u00f1ana, en la carrera 39 entre calles 1 y 2. Desde ese momento, su familia, amigos y la comunidad han vivido una profunda angustia ante la ausencia de informaci\u00f3n clara sobre su paradero.<\/p>\n\n\n\n<p class=\"has-text-align-left wp-block-paragraph\">Brayan fue interceptado en plena v\u00eda p\u00fablica y llevado por hombres armados, sin que hasta la fecha se conozcan responsables, exigencias o avances concretos del caso. Su familia insiste en que Brayan es un trabajador dedicado y una persona querida en el municipio, y ruega a sus captores que respeten su vida y lo permitan regresar a su hogar.<\/p>\n\n\n\n<p class=\"has-text-align-left wp-block-paragraph\">Ante el doloroso silencio que rodea el caso, ASHOTELSUR y la familia Forero convocaron a una caminata y velat\u00f3n este domingo 16 de noviembre, como un acto simb\u00f3lico para exigir la pronta libertad de Brayan y recordar que detr\u00e1s de cada d\u00eda de secuestro hay una familia resistiendo.<\/p>\n\n\n\n<p class=\"has-text-align-left wp-block-paragraph\">La jornada se realizar\u00e1 desde las 3:00 p.m., partiendo desde la carrera 39 entre calles 2 y 3, frente a la Distribuidora El Brayan, en Aguachica, Cesar.<br>La comunidad est\u00e1 invitada a unirse a esta manifestaci\u00f3n pac\u00edfica, a sumar su voz y su apoyo solidario, y a mantener viva la esperanza de que Brayan regrese pronto al seno de su familia.<\/p>\n\n\n\n<p class=\"has-text-align-left wp-block-paragraph\">\u201cLib\u00e9renlo ya\u201d es el clamor que hoy une a un municipio entero.<\/p>\n","protected":false},"excerpt":{"rendered":"<p>Este 15 de noviembre se cumplen seis meses del secuestro de Brayan Forero C\u00e1rdenas, un joven comerciante del municipio que fue privado de su libertad el pasado 15 de mayo, alrededor de las 11:50 de la ma\u00f1ana, en la carrera 39 entre calles 1 y 2. Desde ese momento, su familia, amigos y la comunidad [&hellip;]<\/p>\n","protected":false},"author":2,"featured_media":9016,"comment_status":"open","ping_status":"open","sticky":false,"template":"","format":"standard","meta":{"footnotes":""},"categories":[10,11,13],"tags":[],"class_list":["post-9015","post","type-post","status-publish","format-standard","has-post-thumbnail","hentry","category-general","category-local","category-news"],"_links":{"self":[{"href":"https:\/\/camposerranoradio.com\/home\/wp-json\/wp\/v2\/posts\/9015","targetHints":{"allow":["GET"]}}],"collection":[{"href":"https:\/\/camposerranoradio.com\/home\/wp-json\/wp\/v2\/posts"}],"about":[{"href":"https:\/\/camposerranoradio.com\/home\/wp-json\/wp\/v2\/types\/post"}],"author":[{"embeddable":true,"href":"https:\/\/camposerranoradio.com\/home\/wp-json\/wp\/v2\/users\/2"}],"replies":[{"embeddable":true,"href":"https:\/\/camposerranoradio.com\/home\/wp-json\/wp\/v2\/comments?post=9015"}],"version-history":[{"count":1,"href":"https:\/\/camposerranoradio.com\/home\/wp-json\/wp\/v2\/posts\/9015\/revisions"}],"predecessor-version":[{"id":9017,"href":"https:\/\/camposerranoradio.com\/home\/wp-json\/wp\/v2\/posts\/9015\/revisions\/9017"}],"wp:featuredmedia":[{"embeddable":true,"href":"https:\/\/camposerranoradio.com\/home\/wp-json\/wp\/v2\/media\/9016"}],"wp:attachment":[{"href":"https:\/\/camposerranoradio.com\/home\/wp-json\/wp\/v2\/media?parent=9015"}],"wp:term":[{"taxonomy":"category","embeddable":true,"href":"https:\/\/camposerranoradio.com\/home\/wp-json\/wp\/v2\/categories?post=9015"},{"taxonomy":"post_tag","embeddable":true,"href":"https:\/\/camposerranoradio.com\/home\/wp-json\/wp\/v2\/tags?post=9015"}],"curies":[{"name":"wp","href":"https:\/\/api.w.org\/{rel}","templated":true}]}}