{"id":9018,"date":"2025-11-18T12:58:09","date_gmt":"2025-11-18T12:58:09","guid":{"rendered":"https:\/\/camposerranoradio.com\/home\/?p=9018"},"modified":"2025-11-18T12:58:09","modified_gmt":"2025-11-18T12:58:09","slug":"semillero-ideatech-de-aguachica-obtiene-el-primer-lugar-nacional-en-el-ix-concurso-de-programacion-para-colegios-de-fedesoft","status":"publish","type":"post","link":"https:\/\/camposerranoradio.com\/home\/2025\/11\/18\/semillero-ideatech-de-aguachica-obtiene-el-primer-lugar-nacional-en-el-ix-concurso-de-programacion-para-colegios-de-fedesoft\/","title":{"rendered":"SEMILLERO IDEATECH DE AGUACHICA OBTIENE EL PRIMER LUGAR NACIONAL EN EL IX CONCURSO DE PROGRAMACI\u00d3N PARA COLEGIOS DE FEDESOFT"},"content":{"rendered":"\n<p class=\"has-text-align-left wp-block-paragraph\">El semillero de investigaci\u00f3n <strong>IDEATECH<\/strong><strong>,<\/strong> adscrito al grupo GITCSECA de la Instituci\u00f3n Educativa Nuestra Se\u00f1ora del Carmen de Aguachica (Cesar), alcanz\u00f3 un logro hist\u00f3rico al obtener el <strong>primer lugar nacional<\/strong> en el <strong>IX Concurso de Programaci\u00f3n para Colegios \u2013 FEDESOFT<\/strong>, uno de los cert\u00e1menes m\u00e1s importantes del pa\u00eds en innovaci\u00f3n y tecnolog\u00eda escolar.<\/p>\n\n\n\n<p class=\"has-text-align-left wp-block-paragraph\">La competencia, que inici\u00f3 con la participaci\u00f3n de <strong>m\u00e1s de 494 colegios de 30 departamentos<\/strong>, avanz\u00f3 con 72 proyectos oficialmente inscritos. Tras un proceso de evaluaci\u00f3n altamente exigente, solo <strong>10 iniciativas<\/strong> lograron llegar a la final, realizada en la ciudad de Bogot\u00e1.<\/p>\n\n\n\n<p class=\"has-text-align-left wp-block-paragraph\">En este selecto grupo brill\u00f3 <strong>EcoScan<\/strong>, el proyecto desarrollado por cinco estudiantes del semillero IDEATECH: <strong>Johan Sebastian Aguirre G\u00f3mez, Jhon Stid Jim\u00e9nez Guerrero, Sharith Esthefany Vega Pe\u00f1a y Maite Vanessa Gil Daza<\/strong><strong>,<\/strong> Samuel Franco Bayona, quienes, con el acompa\u00f1amiento de sus docentes <strong>Yilber Jos\u00e9 Toro Manosalva y Roc\u00edo Carre\u00f1o Delgado<\/strong>, presentaron una propuesta s\u00f3lida e innovadora que finalmente fue reconocida como el <strong>mejor proyecto del pa\u00eds<\/strong> en esta versi\u00f3n del concurso. La iniciativa super\u00f3 a instituciones con amplia trayectoria en los podios de a\u00f1os anteriores.<\/p>\n\n\n\n<p class=\"wp-block-paragraph\"><strong>EcoScan<\/strong> consiste en un sistema inteligente de clasificaci\u00f3n de residuos que integra inteligencia artificial, desarrollo de software, dise\u00f1o 3D y un m\u00f3dulo f\u00edsico construido por los propios estudiantes. Su objetivo es fomentar el reciclaje dentro de la comunidad educativa mediante procesos automatizados y un sistema de recompensas digitales pensado para incentivar la participaci\u00f3n estudiantil.<\/p>\n\n\n\n<p class=\"wp-block-paragraph\">El equipo trabaj\u00f3 durante meses aplicando metodolog\u00edas modernas de desarrollo tecnol\u00f3gico, estrategias de trabajo colaborativo y un s\u00f3lido enfoque investigativo. El proyecto ya comienza a generar impacto dentro de la instituci\u00f3n, fortaleciendo la educaci\u00f3n ambiental y promoviendo un uso responsable y creativo de la tecnolog\u00eda.<\/p>\n\n\n\n<p class=\"wp-block-paragraph\">Este triunfo representa un <strong>motivo de orgullo<\/strong> para la instituci\u00f3n educativa, el municipio de Aguachica y el departamento del Cesar, al demostrar el talento, la creatividad y el potencial de los j\u00f3venes aguachiquenses en el campo de la innovaci\u00f3n tecnol\u00f3gica.<\/p>\n\n\n\n<iframe src=\"https:\/\/www.facebook.com\/plugins\/video.php?height=469&#038;href=https%3A%2F%2Fwww.facebook.com%2Freel%2F1605921980863022%2F&#038;show_text=false&#038;width=560&#038;t=0\" width=\"560\" height=\"469\" style=\"border:none;overflow:hidden\" scrolling=\"no\" frameborder=\"0\" allowfullscreen=\"true\" allow=\"autoplay; clipboard-write; encrypted-media; picture-in-picture; web-share\" allowFullScreen=\"true\"><\/iframe>\n\n\n\n<p class=\"wp-block-paragraph\"><\/p>\n","protected":false},"excerpt":{"rendered":"<p>El semillero de investigaci\u00f3n IDEATECH, adscrito al grupo GITCSECA de la Instituci\u00f3n Educativa Nuestra Se\u00f1ora del Carmen de Aguachica (Cesar), alcanz\u00f3 un logro hist\u00f3rico al obtener el primer lugar nacional en el IX Concurso de Programaci\u00f3n para Colegios \u2013 FEDESOFT, uno de los cert\u00e1menes m\u00e1s importantes del pa\u00eds en innovaci\u00f3n y tecnolog\u00eda escolar. La competencia, [&hellip;]<\/p>\n","protected":false},"author":2,"featured_media":9019,"comment_status":"open","ping_status":"open","sticky":false,"template":"","format":"standard","meta":{"footnotes":""},"categories":[10,11,17,13],"tags":[],"class_list":["post-9018","post","type-post","status-publish","format-standard","has-post-thumbnail","hentry","category-general","category-local","category-nacional","category-news"],"_links":{"self":[{"href":"https:\/\/camposerranoradio.com\/home\/wp-json\/wp\/v2\/posts\/9018","targetHints":{"allow":["GET"]}}],"collection":[{"href":"https:\/\/camposerranoradio.com\/home\/wp-json\/wp\/v2\/posts"}],"about":[{"href":"https:\/\/camposerranoradio.com\/home\/wp-json\/wp\/v2\/types\/post"}],"author":[{"embeddable":true,"href":"https:\/\/camposerranoradio.com\/home\/wp-json\/wp\/v2\/users\/2"}],"replies":[{"embeddable":true,"href":"https:\/\/camposerranoradio.com\/home\/wp-json\/wp\/v2\/comments?post=9018"}],"version-history":[{"count":1,"href":"https:\/\/camposerranoradio.com\/home\/wp-json\/wp\/v2\/posts\/9018\/revisions"}],"predecessor-version":[{"id":9020,"href":"https:\/\/camposerranoradio.com\/home\/wp-json\/wp\/v2\/posts\/9018\/revisions\/9020"}],"wp:featuredmedia":[{"embeddable":true,"href":"https:\/\/camposerranoradio.com\/home\/wp-json\/wp\/v2\/media\/9019"}],"wp:attachment":[{"href":"https:\/\/camposerranoradio.com\/home\/wp-json\/wp\/v2\/media?parent=9018"}],"wp:term":[{"taxonomy":"category","embeddable":true,"href":"https:\/\/camposerranoradio.com\/home\/wp-json\/wp\/v2\/categories?post=9018"},{"taxonomy":"post_tag","embeddable":true,"href":"https:\/\/camposerranoradio.com\/home\/wp-json\/wp\/v2\/tags?post=9018"}],"curies":[{"name":"wp","href":"https:\/\/api.w.org\/{rel}","templated":true}]}}