{"id":9021,"date":"2025-11-18T12:59:36","date_gmt":"2025-11-18T12:59:36","guid":{"rendered":"https:\/\/camposerranoradio.com\/home\/?p=9021"},"modified":"2025-11-18T12:59:36","modified_gmt":"2025-11-18T12:59:36","slug":"aguachica-se-viste-de-luto-fallece-bexy-herrera-perez-simbolo-de-servicio-y-humanidad","status":"publish","type":"post","link":"https:\/\/camposerranoradio.com\/home\/2025\/11\/18\/aguachica-se-viste-de-luto-fallece-bexy-herrera-perez-simbolo-de-servicio-y-humanidad\/","title":{"rendered":"AGUACHICA SE VISTE DE LUTO, FALLECE BEXY HERRERA P\u00c9REZ, S\u00cdMBOLO DE SERVICIO Y HUMANIDAD"},"content":{"rendered":"\n<p class=\"has-text-align-left wp-block-paragraph\">En las \u00faltimas horas se conoci\u00f3 el fallecimiento de <strong>Bexy Herrera P\u00e9rez<\/strong><strong>,<\/strong> noticia que ha generado gran tristeza en la comunidad de Aguachica. Su partida deja un profundo vac\u00edo entre familiares, amigos y quienes valoraron su calidad humana.<\/p>\n\n\n\n<p class=\"has-text-align-left wp-block-paragraph\">Bexy Herrera P\u00e9rez fue reconocida por su esp\u00edritu solidario, su vocaci\u00f3n de servicio y su constante disposici\u00f3n para apoyar a quienes enfrentaban situaciones dif\u00edciles. Su compromiso con las causas sociales y su cercan\u00eda con la comunidad la convirtieron en una figura apreciada y respetada.<\/p>\n\n\n\n<p class=\"has-text-align-left wp-block-paragraph\">Quienes la conocieron destacan su nobleza, su empat\u00eda y su entrega desinteresada, cualidades que marcaron positivamente la vida de muchas personas.<\/p>\n\n\n\n<p class=\"has-text-align-left wp-block-paragraph\">Hoy, Aguachica despide a una mujer recordada por su bondad y por el impacto humano que dej\u00f3 a lo largo de los a\u00f1os. La comunidad acompa\u00f1a con respeto y solidaridad a la familia <strong>Herrera P\u00e9rez<\/strong><strong>,<\/strong> dese\u00e1ndoles fortaleza en este momento de duelo.<\/p>\n\n\n\n<p class=\"has-text-align-left wp-block-paragraph\">El nombre de Bexy Herrera P\u00e9rez permanecer\u00e1 en la memoria colectiva como s\u00edmbolo de humanidad y generosidad.<\/p>\n","protected":false},"excerpt":{"rendered":"<p>En las \u00faltimas horas se conoci\u00f3 el fallecimiento de Bexy Herrera P\u00e9rez, noticia que ha generado gran tristeza en la comunidad de Aguachica. Su partida deja un profundo vac\u00edo entre familiares, amigos y quienes valoraron su calidad humana. Bexy Herrera P\u00e9rez fue reconocida por su esp\u00edritu solidario, su vocaci\u00f3n de servicio y su constante disposici\u00f3n [&hellip;]<\/p>\n","protected":false},"author":2,"featured_media":9022,"comment_status":"open","ping_status":"open","sticky":false,"template":"","format":"standard","meta":{"footnotes":""},"categories":[10,11,13,5,29],"tags":[],"class_list":["post-9021","post","type-post","status-publish","format-standard","has-post-thumbnail","hentry","category-general","category-local","category-news","category-regional","category-rural"],"_links":{"self":[{"href":"https:\/\/camposerranoradio.com\/home\/wp-json\/wp\/v2\/posts\/9021","targetHints":{"allow":["GET"]}}],"collection":[{"href":"https:\/\/camposerranoradio.com\/home\/wp-json\/wp\/v2\/posts"}],"about":[{"href":"https:\/\/camposerranoradio.com\/home\/wp-json\/wp\/v2\/types\/post"}],"author":[{"embeddable":true,"href":"https:\/\/camposerranoradio.com\/home\/wp-json\/wp\/v2\/users\/2"}],"replies":[{"embeddable":true,"href":"https:\/\/camposerranoradio.com\/home\/wp-json\/wp\/v2\/comments?post=9021"}],"version-history":[{"count":1,"href":"https:\/\/camposerranoradio.com\/home\/wp-json\/wp\/v2\/posts\/9021\/revisions"}],"predecessor-version":[{"id":9023,"href":"https:\/\/camposerranoradio.com\/home\/wp-json\/wp\/v2\/posts\/9021\/revisions\/9023"}],"wp:featuredmedia":[{"embeddable":true,"href":"https:\/\/camposerranoradio.com\/home\/wp-json\/wp\/v2\/media\/9022"}],"wp:attachment":[{"href":"https:\/\/camposerranoradio.com\/home\/wp-json\/wp\/v2\/media?parent=9021"}],"wp:term":[{"taxonomy":"category","embeddable":true,"href":"https:\/\/camposerranoradio.com\/home\/wp-json\/wp\/v2\/categories?post=9021"},{"taxonomy":"post_tag","embeddable":true,"href":"https:\/\/camposerranoradio.com\/home\/wp-json\/wp\/v2\/tags?post=9021"}],"curies":[{"name":"wp","href":"https:\/\/api.w.org\/{rel}","templated":true}]}}