{"id":9024,"date":"2025-11-18T13:03:12","date_gmt":"2025-11-18T13:03:12","guid":{"rendered":"https:\/\/camposerranoradio.com\/home\/?p=9024"},"modified":"2025-11-18T13:03:12","modified_gmt":"2025-11-18T13:03:12","slug":"aguachica-marcho-para-exigir-la-libertad-de-brayan-forero-a-seis-meses-de-su-secuestro","status":"publish","type":"post","link":"https:\/\/camposerranoradio.com\/home\/2025\/11\/18\/aguachica-marcho-para-exigir-la-libertad-de-brayan-forero-a-seis-meses-de-su-secuestro\/","title":{"rendered":"AGUACHICA MARCH\u00d3 PARA EXIGIR LA LIBERTAD DE BRAYAN FORERO, A SEIS MESES DE SU SECUESTRO"},"content":{"rendered":"\n<p class=\"has-text-align-left wp-block-paragraph\">Aguachica volvi\u00f3 a unirse en una sola voz este domingo 16 de noviembre, cuando decenas de ciudadanos participaron en una caminata y velat\u00f3n para reclamar la libertad de Brayan Forero C\u00e1rdenas, joven aguachiquense que este mes completo seis meses desde que fue secuestrado el 15 de mayo.<\/p>\n\n\n\n<p class=\"has-text-align-left wp-block-paragraph\">El d\u00eda de su desaparici\u00f3n, Brayan se desplazaba por la carrera 39 entre calles 1 y 2 cuando fue interceptado por hombres armados que lo obligaron a subir a un veh\u00edculo. Desde entonces no se ha recibido informaci\u00f3n sobre su paradero ni datos que permitan avanzar en la investigaci\u00f3n, situaci\u00f3n que mantiene a su familia en profunda angustia.<\/p>\n\n\n\n<p class=\"has-text-align-left wp-block-paragraph\">Quienes lo conocen lo describen como un joven amable, respetuoso y cercano a su hogar, cualidades que han hecho que su ausencia sea a\u00fan m\u00e1s dolorosa para su c\u00edrculo de amigos y vecinos.<\/p>\n\n\n\n<p class=\"has-text-align-left wp-block-paragraph\">La jornada convocada por ASHOTELSUR y la familia Forero lleg\u00f3 al parque principal&nbsp; San Roque, donde con velas encendidas, oraciones y mensajes de apoyo, la comunidad elev\u00f3 un llamado urgente para que el caso no quede en el olvido y que se fortalezcan las acciones que permitan dar con su paradero.<\/p>\n\n\n\n<p class=\"has-text-align-left wp-block-paragraph\">La caminata se convirti\u00f3 en un acto simb\u00f3lico de esperanza, en el que Aguachica reafirm\u00f3 que no desistir\u00e1 en la b\u00fasqueda de Brayan y que su nombre permanecer\u00e1 vivo hasta que pueda regresar a casa.<\/p>\n","protected":false},"excerpt":{"rendered":"<p>Aguachica volvi\u00f3 a unirse en una sola voz este domingo 16 de noviembre, cuando decenas de ciudadanos participaron en una caminata y velat\u00f3n para reclamar la libertad de Brayan Forero C\u00e1rdenas, joven aguachiquense que este mes completo seis meses desde que fue secuestrado el 15 de mayo. El d\u00eda de su desaparici\u00f3n, Brayan se desplazaba [&hellip;]<\/p>\n","protected":false},"author":2,"featured_media":9025,"comment_status":"open","ping_status":"open","sticky":false,"template":"","format":"standard","meta":{"footnotes":""},"categories":[10,11,17,13],"tags":[],"class_list":["post-9024","post","type-post","status-publish","format-standard","has-post-thumbnail","hentry","category-general","category-local","category-nacional","category-news"],"_links":{"self":[{"href":"https:\/\/camposerranoradio.com\/home\/wp-json\/wp\/v2\/posts\/9024","targetHints":{"allow":["GET"]}}],"collection":[{"href":"https:\/\/camposerranoradio.com\/home\/wp-json\/wp\/v2\/posts"}],"about":[{"href":"https:\/\/camposerranoradio.com\/home\/wp-json\/wp\/v2\/types\/post"}],"author":[{"embeddable":true,"href":"https:\/\/camposerranoradio.com\/home\/wp-json\/wp\/v2\/users\/2"}],"replies":[{"embeddable":true,"href":"https:\/\/camposerranoradio.com\/home\/wp-json\/wp\/v2\/comments?post=9024"}],"version-history":[{"count":1,"href":"https:\/\/camposerranoradio.com\/home\/wp-json\/wp\/v2\/posts\/9024\/revisions"}],"predecessor-version":[{"id":9026,"href":"https:\/\/camposerranoradio.com\/home\/wp-json\/wp\/v2\/posts\/9024\/revisions\/9026"}],"wp:featuredmedia":[{"embeddable":true,"href":"https:\/\/camposerranoradio.com\/home\/wp-json\/wp\/v2\/media\/9025"}],"wp:attachment":[{"href":"https:\/\/camposerranoradio.com\/home\/wp-json\/wp\/v2\/media?parent=9024"}],"wp:term":[{"taxonomy":"category","embeddable":true,"href":"https:\/\/camposerranoradio.com\/home\/wp-json\/wp\/v2\/categories?post=9024"},{"taxonomy":"post_tag","embeddable":true,"href":"https:\/\/camposerranoradio.com\/home\/wp-json\/wp\/v2\/tags?post=9024"}],"curies":[{"name":"wp","href":"https:\/\/api.w.org\/{rel}","templated":true}]}}