{"id":9027,"date":"2025-11-18T13:05:47","date_gmt":"2025-11-18T13:05:47","guid":{"rendered":"https:\/\/camposerranoradio.com\/home\/?p=9027"},"modified":"2025-11-18T13:05:48","modified_gmt":"2025-11-18T13:05:48","slug":"hombre-fallece-en-accidente-de-transito-a-la-entrada-de-aguachica","status":"publish","type":"post","link":"https:\/\/camposerranoradio.com\/home\/2025\/11\/18\/hombre-fallece-en-accidente-de-transito-a-la-entrada-de-aguachica\/","title":{"rendered":"HOMBRE FALLECE EN ACCIDENTE DE TR\u00c1NSITO A LA ENTRADA DE AGUACHICA"},"content":{"rendered":"\n<p class=\"has-text-align-left wp-block-paragraph\">Un accidente de tr\u00e1nsito cobr\u00f3 la vida de un hombre en la entrada al municipio de Aguachica, espec\u00edficamente en la rotonda de La Caba\u00f1a.<\/p>\n\n\n\n<p class=\"has-text-align-left wp-block-paragraph\">En el siniestro estuvo involucrada una motocicleta de alto cilindraje, color azul, marca Suzuki y de placas KJG-57G, la cual termin\u00f3 afectada tras el impacto.<\/p>\n\n\n\n<p class=\"has-text-align-left wp-block-paragraph\">La v\u00edctima fue identificada como Juan Sebasti\u00e1n Manzano Vergel, quien perdi\u00f3 la vida en el lugar del accidente.<\/p>\n\n\n\n<p class=\"has-text-align-left wp-block-paragraph\">Unidades de tr\u00e1nsito realizaron el levantamiento del cuerpo y adelantan las investigaciones para establecer las circunstancias que originaron el hecho.<\/p>\n","protected":false},"excerpt":{"rendered":"<p>Un accidente de tr\u00e1nsito cobr\u00f3 la vida de un hombre en la entrada al municipio de Aguachica, espec\u00edficamente en la rotonda de La Caba\u00f1a. En el siniestro estuvo involucrada una motocicleta de alto cilindraje, color azul, marca Suzuki y de placas KJG-57G, la cual termin\u00f3 afectada tras el impacto. La v\u00edctima fue identificada como Juan [&hellip;]<\/p>\n","protected":false},"author":2,"featured_media":9028,"comment_status":"open","ping_status":"open","sticky":false,"template":"","format":"standard","meta":{"footnotes":""},"categories":[10,11,13,5],"tags":[],"class_list":["post-9027","post","type-post","status-publish","format-standard","has-post-thumbnail","hentry","category-general","category-local","category-news","category-regional"],"_links":{"self":[{"href":"https:\/\/camposerranoradio.com\/home\/wp-json\/wp\/v2\/posts\/9027","targetHints":{"allow":["GET"]}}],"collection":[{"href":"https:\/\/camposerranoradio.com\/home\/wp-json\/wp\/v2\/posts"}],"about":[{"href":"https:\/\/camposerranoradio.com\/home\/wp-json\/wp\/v2\/types\/post"}],"author":[{"embeddable":true,"href":"https:\/\/camposerranoradio.com\/home\/wp-json\/wp\/v2\/users\/2"}],"replies":[{"embeddable":true,"href":"https:\/\/camposerranoradio.com\/home\/wp-json\/wp\/v2\/comments?post=9027"}],"version-history":[{"count":1,"href":"https:\/\/camposerranoradio.com\/home\/wp-json\/wp\/v2\/posts\/9027\/revisions"}],"predecessor-version":[{"id":9029,"href":"https:\/\/camposerranoradio.com\/home\/wp-json\/wp\/v2\/posts\/9027\/revisions\/9029"}],"wp:featuredmedia":[{"embeddable":true,"href":"https:\/\/camposerranoradio.com\/home\/wp-json\/wp\/v2\/media\/9028"}],"wp:attachment":[{"href":"https:\/\/camposerranoradio.com\/home\/wp-json\/wp\/v2\/media?parent=9027"}],"wp:term":[{"taxonomy":"category","embeddable":true,"href":"https:\/\/camposerranoradio.com\/home\/wp-json\/wp\/v2\/categories?post=9027"},{"taxonomy":"post_tag","embeddable":true,"href":"https:\/\/camposerranoradio.com\/home\/wp-json\/wp\/v2\/tags?post=9027"}],"curies":[{"name":"wp","href":"https:\/\/api.w.org\/{rel}","templated":true}]}}