{"id":9030,"date":"2025-11-18T13:09:33","date_gmt":"2025-11-18T13:09:33","guid":{"rendered":"https:\/\/camposerranoradio.com\/home\/?p=9030"},"modified":"2025-11-18T13:09:33","modified_gmt":"2025-11-18T13:09:33","slug":"aguachica-se-vistio-de-color-y-belleza-en-la-eleccion-de-la-senora-cesar-2025","status":"publish","type":"post","link":"https:\/\/camposerranoradio.com\/home\/2025\/11\/18\/aguachica-se-vistio-de-color-y-belleza-en-la-eleccion-de-la-senora-cesar-2025\/","title":{"rendered":"AGUACHICA SE VISTI\u00d3 DE COLOR Y BELLEZA EN LA ELECCI\u00d3N DE LA SE\u00d1ORA CESAR 2025"},"content":{"rendered":"\n<p class=\"has-text-align-left wp-block-paragraph\">Aguachica brill\u00f3 este fin de semana al convertirse en el punto de encuentro de la elegancia, la cultura y el talento femenino durante la esperada elecci\u00f3n de la <strong>Se\u00f1ora Cesar 2025<\/strong><strong>.<\/strong> &nbsp;La<strong>C\u00e1mara de Comercio de Aguachica<\/strong> fue el escenario donde la ciudad acogi\u00f3 un espect\u00e1culo lleno de color, m\u00fasica y tradici\u00f3n, reafirm\u00e1ndose como epicentro de eventos regionales de gran relevancia.<\/p>\n\n\n\n<p class=\"has-text-align-left wp-block-paragraph\">La noche no solo estuvo marcada por la pasarela, sino tambi\u00e9n por <strong>vibrantes presentaciones culturales<\/strong> que enriquecieron la velada y resaltaron la diversidad art\u00edstica del municipio y del departamento, envolviendo al p\u00fablico en un ambiente festivo y de identidad.<\/p>\n\n\n\n<p class=\"has-text-align-left wp-block-paragraph\">Fueron <strong>seis mujeres provenientes de distintos municipios del Cesar<\/strong><strong> l<\/strong>as que se dieron cita para disputar la corona, en una jornada que inici\u00f3 con un emotivo desfile junto a sus hijos, resaltando el valor familiar dentro del certamen. Posteriormente, las participantes demostraron versatilidad y actitud en el <strong>desfile deportivo<\/strong><strong>,<\/strong> para luego deslumbrar con porte y elegancia en el <strong>desfile de gala<\/strong><strong>,<\/strong> el momento m\u00e1s esperado de la noche.<\/p>\n\n\n\n<p class=\"has-text-align-left wp-block-paragraph\">Tras una noche llena de aplausos y talento, el jurado anunci\u00f3 a las nuevas soberanas del certamen: la corona de <strong>Se\u00f1ora Cesar 2025<\/strong> fue otorgada a <strong>Mayerly Betancourt<\/strong>, representante del municipio de <strong>San Alberto<\/strong>. El cuadro de honor lo completaron la se\u00f1ora <strong>San Mart\u00edn<\/strong><strong>,<\/strong> como virreina, y la se\u00f1ora <strong>Chimichagua<\/strong><strong>,<\/strong> como primera princesa.<\/p>\n\n\n\n<p class=\"has-text-align-left wp-block-paragraph\">La velada dej\u00f3 en alto el nombre de Aguachica, que una vez m\u00e1s demostr\u00f3 su capacidad de acoger con orgullo eventos que exaltan la belleza, la cultura y la diversidad del departamento del Cesar.<\/p>\n","protected":false},"excerpt":{"rendered":"<p>Aguachica brill\u00f3 este fin de semana al convertirse en el punto de encuentro de la elegancia, la cultura y el talento femenino durante la esperada elecci\u00f3n de la Se\u00f1ora Cesar 2025. &nbsp;LaC\u00e1mara de Comercio de Aguachica fue el escenario donde la ciudad acogi\u00f3 un espect\u00e1culo lleno de color, m\u00fasica y tradici\u00f3n, reafirm\u00e1ndose como epicentro de [&hellip;]<\/p>\n","protected":false},"author":2,"featured_media":9031,"comment_status":"open","ping_status":"open","sticky":false,"template":"","format":"standard","meta":{"footnotes":""},"categories":[10,17,13,5,29],"tags":[],"class_list":["post-9030","post","type-post","status-publish","format-standard","has-post-thumbnail","hentry","category-general","category-nacional","category-news","category-regional","category-rural"],"_links":{"self":[{"href":"https:\/\/camposerranoradio.com\/home\/wp-json\/wp\/v2\/posts\/9030","targetHints":{"allow":["GET"]}}],"collection":[{"href":"https:\/\/camposerranoradio.com\/home\/wp-json\/wp\/v2\/posts"}],"about":[{"href":"https:\/\/camposerranoradio.com\/home\/wp-json\/wp\/v2\/types\/post"}],"author":[{"embeddable":true,"href":"https:\/\/camposerranoradio.com\/home\/wp-json\/wp\/v2\/users\/2"}],"replies":[{"embeddable":true,"href":"https:\/\/camposerranoradio.com\/home\/wp-json\/wp\/v2\/comments?post=9030"}],"version-history":[{"count":1,"href":"https:\/\/camposerranoradio.com\/home\/wp-json\/wp\/v2\/posts\/9030\/revisions"}],"predecessor-version":[{"id":9032,"href":"https:\/\/camposerranoradio.com\/home\/wp-json\/wp\/v2\/posts\/9030\/revisions\/9032"}],"wp:featuredmedia":[{"embeddable":true,"href":"https:\/\/camposerranoradio.com\/home\/wp-json\/wp\/v2\/media\/9031"}],"wp:attachment":[{"href":"https:\/\/camposerranoradio.com\/home\/wp-json\/wp\/v2\/media?parent=9030"}],"wp:term":[{"taxonomy":"category","embeddable":true,"href":"https:\/\/camposerranoradio.com\/home\/wp-json\/wp\/v2\/categories?post=9030"},{"taxonomy":"post_tag","embeddable":true,"href":"https:\/\/camposerranoradio.com\/home\/wp-json\/wp\/v2\/tags?post=9030"}],"curies":[{"name":"wp","href":"https:\/\/api.w.org\/{rel}","templated":true}]}}