{"id":9051,"date":"2025-11-20T11:22:15","date_gmt":"2025-11-20T11:22:15","guid":{"rendered":"https:\/\/camposerranoradio.com\/home\/?p=9051"},"modified":"2025-11-20T11:22:15","modified_gmt":"2025-11-20T11:22:15","slug":"comunidad-de-aguachica-se-moviliza-hoy-jueves-en-defensa-del-derecho-a-la-salud","status":"publish","type":"post","link":"https:\/\/camposerranoradio.com\/home\/2025\/11\/20\/comunidad-de-aguachica-se-moviliza-hoy-jueves-en-defensa-del-derecho-a-la-salud\/","title":{"rendered":"COMUNIDAD DE AGUACHICA SE MOVILIZA HOY JUEVES EN DEFENSA DEL DERECHO A LA SALUD"},"content":{"rendered":"\n<p class=\"has-text-align-left wp-block-paragraph\">La Cl\u00ednica de Alta Complejidad de Aguachica dio a conocer una convocatoria abierta a la comunidad para participar en una movilizaci\u00f3n denominada \u201cCaminata por el Derecho a la Salud\u201d, cuyo prop\u00f3sito es llamar la atenci\u00f3n sobre las dificultades que enfrenta actualmente el sector y pedir al Gobierno Nacional soluciones claras y efectivas que permitan garantizar la atenci\u00f3n a los usuarios.<\/p>\n\n\n\n<p class=\"has-text-align-left wp-block-paragraph\">La actividad se realiza hoy jueves 20 de noviembre, iniciando a las 7:00 de la ma\u00f1ana en las instalaciones de la Cl\u00ednica Alta Complejidad y finalizando frente a la Alcald\u00eda Municipal.<\/p>\n\n\n\n<p class=\"has-text-align-left wp-block-paragraph\">Los organizadores se\u00f1alan que se trata de una acci\u00f3n pac\u00edfica de participaci\u00f3n ciudadana que busca generar conciencia sobre la importancia de proteger la prestaci\u00f3n de servicios m\u00e9dicos y asegurar que los recursos lleguen a tiempo para evitar afectaciones en la atenci\u00f3n.<\/p>\n\n\n\n<p class=\"has-text-align-left wp-block-paragraph\">La instituci\u00f3n extendi\u00f3 la invitaci\u00f3n a toda la comunidad, recomendando asistir con camiseta blanca como se\u00f1al de uni\u00f3n y respaldo. \u201cLa salud es un compromiso de todos\u201d, expresaron, destacando la necesidad de sumar voces para exigir mejores garant\u00edas en la prestaci\u00f3n del servicio.<\/p>\n","protected":false},"excerpt":{"rendered":"<p>La Cl\u00ednica de Alta Complejidad de Aguachica dio a conocer una convocatoria abierta a la comunidad para participar en una movilizaci\u00f3n denominada \u201cCaminata por el Derecho a la Salud\u201d, cuyo prop\u00f3sito es llamar la atenci\u00f3n sobre las dificultades que enfrenta actualmente el sector y pedir al Gobierno Nacional soluciones claras y efectivas que permitan garantizar [&hellip;]<\/p>\n","protected":false},"author":2,"featured_media":9052,"comment_status":"open","ping_status":"open","sticky":false,"template":"","format":"standard","meta":{"footnotes":""},"categories":[10,11,13],"tags":[],"class_list":["post-9051","post","type-post","status-publish","format-standard","has-post-thumbnail","hentry","category-general","category-local","category-news"],"_links":{"self":[{"href":"https:\/\/camposerranoradio.com\/home\/wp-json\/wp\/v2\/posts\/9051","targetHints":{"allow":["GET"]}}],"collection":[{"href":"https:\/\/camposerranoradio.com\/home\/wp-json\/wp\/v2\/posts"}],"about":[{"href":"https:\/\/camposerranoradio.com\/home\/wp-json\/wp\/v2\/types\/post"}],"author":[{"embeddable":true,"href":"https:\/\/camposerranoradio.com\/home\/wp-json\/wp\/v2\/users\/2"}],"replies":[{"embeddable":true,"href":"https:\/\/camposerranoradio.com\/home\/wp-json\/wp\/v2\/comments?post=9051"}],"version-history":[{"count":1,"href":"https:\/\/camposerranoradio.com\/home\/wp-json\/wp\/v2\/posts\/9051\/revisions"}],"predecessor-version":[{"id":9053,"href":"https:\/\/camposerranoradio.com\/home\/wp-json\/wp\/v2\/posts\/9051\/revisions\/9053"}],"wp:featuredmedia":[{"embeddable":true,"href":"https:\/\/camposerranoradio.com\/home\/wp-json\/wp\/v2\/media\/9052"}],"wp:attachment":[{"href":"https:\/\/camposerranoradio.com\/home\/wp-json\/wp\/v2\/media?parent=9051"}],"wp:term":[{"taxonomy":"category","embeddable":true,"href":"https:\/\/camposerranoradio.com\/home\/wp-json\/wp\/v2\/categories?post=9051"},{"taxonomy":"post_tag","embeddable":true,"href":"https:\/\/camposerranoradio.com\/home\/wp-json\/wp\/v2\/tags?post=9051"}],"curies":[{"name":"wp","href":"https:\/\/api.w.org\/{rel}","templated":true}]}}