{"id":9060,"date":"2025-11-20T12:54:12","date_gmt":"2025-11-20T12:54:12","guid":{"rendered":"https:\/\/camposerranoradio.com\/home\/?p=9060"},"modified":"2025-11-20T12:54:12","modified_gmt":"2025-11-20T12:54:12","slug":"avenida-puerto-mosquito-una-via-en-riesgo-por-el-paso-descontrolado-de-tractomulas","status":"publish","type":"post","link":"https:\/\/camposerranoradio.com\/home\/2025\/11\/20\/avenida-puerto-mosquito-una-via-en-riesgo-por-el-paso-descontrolado-de-tractomulas\/","title":{"rendered":"AVENIDA PUERTO MOSQUITO, UNA V\u00cdA EN RIESGO POR EL PASO DESCONTROLADO DE TRACTOMULAS"},"content":{"rendered":"\n<p class=\"has-text-align-left wp-block-paragraph\">En la Avenida Puerto Mosquito, una de las v\u00edas m\u00e1s transitadas por los habitantes del sector debido a su alto flujo poblacional, la comunidad denuncia graves afectaciones provocadas por el paso constante de tractomulas que circulan sin control de velocidad y transportan cargas que liberan part\u00edculas al ambiente.<\/p>\n\n\n\n<p class=\"has-text-align-left wp-block-paragraph\">Seg\u00fan los residentes, desde que inici\u00f3 la operaci\u00f3n de transporte de carga pesada, los veh\u00edculos recorren la avenida a altas velocidades, convirti\u00e9ndose en un riesgo permanente para peatones y familias que utilizan este corredor diariamente. Aseguran que, pese a ser una zona altamente habitada, la v\u00eda no fue incluida dentro del plan de reductores de velocidad que se viene implementando en el municipio, dejando desprotegida a esta comunidad frente al tr\u00e1nsito pesado.<\/p>\n\n\n\n<p class=\"wp-block-paragraph\">Adem\u00e1s del exceso de velocidad, los habitantes se\u00f1alan que las tractomulas que movilizan carb\u00f3n generan part\u00edculas que se dispersan en el aire, aun cuando las cargas van cubiertas, lo que mantiene preocupada a la poblaci\u00f3n por el ambiente que se respira en el sector.<\/p>\n\n\n\n<p class=\"wp-block-paragraph\">La comunidad pide que se priorice la intervenci\u00f3n de esta avenida, se establezcan medidas de control y se incluya en los planes de regulaci\u00f3n vial para mitigar el impacto del tr\u00e1nsito pesado en una zona donde a diario se movilizan cientos de residentes.<\/p>\n","protected":false},"excerpt":{"rendered":"<p>En la Avenida Puerto Mosquito, una de las v\u00edas m\u00e1s transitadas por los habitantes del sector debido a su alto flujo poblacional, la comunidad denuncia graves afectaciones provocadas por el paso constante de tractomulas que circulan sin control de velocidad y transportan cargas que liberan part\u00edculas al ambiente. Seg\u00fan los residentes, desde que inici\u00f3 la [&hellip;]<\/p>\n","protected":false},"author":2,"featured_media":9061,"comment_status":"open","ping_status":"open","sticky":false,"template":"","format":"standard","meta":{"footnotes":""},"categories":[10,11,17,13],"tags":[],"class_list":["post-9060","post","type-post","status-publish","format-standard","has-post-thumbnail","hentry","category-general","category-local","category-nacional","category-news"],"_links":{"self":[{"href":"https:\/\/camposerranoradio.com\/home\/wp-json\/wp\/v2\/posts\/9060","targetHints":{"allow":["GET"]}}],"collection":[{"href":"https:\/\/camposerranoradio.com\/home\/wp-json\/wp\/v2\/posts"}],"about":[{"href":"https:\/\/camposerranoradio.com\/home\/wp-json\/wp\/v2\/types\/post"}],"author":[{"embeddable":true,"href":"https:\/\/camposerranoradio.com\/home\/wp-json\/wp\/v2\/users\/2"}],"replies":[{"embeddable":true,"href":"https:\/\/camposerranoradio.com\/home\/wp-json\/wp\/v2\/comments?post=9060"}],"version-history":[{"count":1,"href":"https:\/\/camposerranoradio.com\/home\/wp-json\/wp\/v2\/posts\/9060\/revisions"}],"predecessor-version":[{"id":9062,"href":"https:\/\/camposerranoradio.com\/home\/wp-json\/wp\/v2\/posts\/9060\/revisions\/9062"}],"wp:featuredmedia":[{"embeddable":true,"href":"https:\/\/camposerranoradio.com\/home\/wp-json\/wp\/v2\/media\/9061"}],"wp:attachment":[{"href":"https:\/\/camposerranoradio.com\/home\/wp-json\/wp\/v2\/media?parent=9060"}],"wp:term":[{"taxonomy":"category","embeddable":true,"href":"https:\/\/camposerranoradio.com\/home\/wp-json\/wp\/v2\/categories?post=9060"},{"taxonomy":"post_tag","embeddable":true,"href":"https:\/\/camposerranoradio.com\/home\/wp-json\/wp\/v2\/tags?post=9060"}],"curies":[{"name":"wp","href":"https:\/\/api.w.org\/{rel}","templated":true}]}}