{"id":9063,"date":"2025-11-20T12:56:04","date_gmt":"2025-11-20T12:56:04","guid":{"rendered":"https:\/\/camposerranoradio.com\/home\/?p=9063"},"modified":"2025-11-20T12:56:04","modified_gmt":"2025-11-20T12:56:04","slug":"comunidad-del-tecnico-industrial-de-aguachica-propone-cambiar-el-nombre-de-la-institucion","status":"publish","type":"post","link":"https:\/\/camposerranoradio.com\/home\/2025\/11\/20\/comunidad-del-tecnico-industrial-de-aguachica-propone-cambiar-el-nombre-de-la-institucion\/","title":{"rendered":"COMUNIDAD DEL T\u00c9CNICO INDUSTRIAL DE AGUACHICA PROPONE CAMBIAR EL NOMBRE DE LA INSTITUCI\u00d3N"},"content":{"rendered":"\n<p class=\"has-text-align-left wp-block-paragraph\">Directivos y representantes del Colegio T\u00e9cnico Industrial presentaron ante el Concejo Municipal la propuesta de cambiar el nombre del plantel por <strong>Nikola Tesla<\/strong>, argumentando que el nuevo nombre estar\u00eda m\u00e1s acorde con la identidad t\u00e9cnica y la proyecci\u00f3n acad\u00e9mica de la instituci\u00f3n.<\/p>\n\n\n\n<p class=\"has-text-align-left wp-block-paragraph\">A la sesi\u00f3n asistieron el rector, el personero estudiantil, el presidente de la Asociaci\u00f3n de Padres de Familia y voceros de la comunidad, quienes expusieron que Tesla es considerado una figura emblem\u00e1tica de la ingenier\u00eda y la innovaci\u00f3n, raz\u00f3n por la cual ser\u00eda un referente apropiado para los estudiantes del plantel.<\/p>\n\n\n\n<p class=\"has-text-align-left wp-block-paragraph\">La comunidad educativa se\u00f1al\u00f3 que el prop\u00f3sito es que la instituci\u00f3n lleve el nombre de un personaje reconocido por sus aportes a la ciencia y que represente los valores formativos del colegio, evitando denominaciones asociadas a l\u00edderes pol\u00edticos.<\/p>\n\n\n\n<p class=\"has-text-align-left wp-block-paragraph\">Con esta propuesta, los representantes del T\u00e9cnico Industrial buscan que el nombre del plantel refleje su vocaci\u00f3n t\u00e9cnica y se inspire en una figura destacada del \u00e1mbito cient\u00edfico.<\/p>\n","protected":false},"excerpt":{"rendered":"<p>Directivos y representantes del Colegio T\u00e9cnico Industrial presentaron ante el Concejo Municipal la propuesta de cambiar el nombre del plantel por Nikola Tesla, argumentando que el nuevo nombre estar\u00eda m\u00e1s acorde con la identidad t\u00e9cnica y la proyecci\u00f3n acad\u00e9mica de la instituci\u00f3n. A la sesi\u00f3n asistieron el rector, el personero estudiantil, el presidente de la [&hellip;]<\/p>\n","protected":false},"author":2,"featured_media":9064,"comment_status":"open","ping_status":"open","sticky":false,"template":"","format":"standard","meta":{"footnotes":""},"categories":[10,11,13],"tags":[],"class_list":["post-9063","post","type-post","status-publish","format-standard","has-post-thumbnail","hentry","category-general","category-local","category-news"],"_links":{"self":[{"href":"https:\/\/camposerranoradio.com\/home\/wp-json\/wp\/v2\/posts\/9063","targetHints":{"allow":["GET"]}}],"collection":[{"href":"https:\/\/camposerranoradio.com\/home\/wp-json\/wp\/v2\/posts"}],"about":[{"href":"https:\/\/camposerranoradio.com\/home\/wp-json\/wp\/v2\/types\/post"}],"author":[{"embeddable":true,"href":"https:\/\/camposerranoradio.com\/home\/wp-json\/wp\/v2\/users\/2"}],"replies":[{"embeddable":true,"href":"https:\/\/camposerranoradio.com\/home\/wp-json\/wp\/v2\/comments?post=9063"}],"version-history":[{"count":1,"href":"https:\/\/camposerranoradio.com\/home\/wp-json\/wp\/v2\/posts\/9063\/revisions"}],"predecessor-version":[{"id":9065,"href":"https:\/\/camposerranoradio.com\/home\/wp-json\/wp\/v2\/posts\/9063\/revisions\/9065"}],"wp:featuredmedia":[{"embeddable":true,"href":"https:\/\/camposerranoradio.com\/home\/wp-json\/wp\/v2\/media\/9064"}],"wp:attachment":[{"href":"https:\/\/camposerranoradio.com\/home\/wp-json\/wp\/v2\/media?parent=9063"}],"wp:term":[{"taxonomy":"category","embeddable":true,"href":"https:\/\/camposerranoradio.com\/home\/wp-json\/wp\/v2\/categories?post=9063"},{"taxonomy":"post_tag","embeddable":true,"href":"https:\/\/camposerranoradio.com\/home\/wp-json\/wp\/v2\/tags?post=9063"}],"curies":[{"name":"wp","href":"https:\/\/api.w.org\/{rel}","templated":true}]}}