{"id":9072,"date":"2025-11-21T12:40:10","date_gmt":"2025-11-21T12:40:10","guid":{"rendered":"https:\/\/camposerranoradio.com\/home\/?p=9072"},"modified":"2025-11-21T12:40:10","modified_gmt":"2025-11-21T12:40:10","slug":"aguachica-fortalece-sus-servicios-tributarios-con-la-apertura-del-punto-de-atencion-virtual-dian","status":"publish","type":"post","link":"https:\/\/camposerranoradio.com\/home\/2025\/11\/21\/aguachica-fortalece-sus-servicios-tributarios-con-la-apertura-del-punto-de-atencion-virtual-dian\/","title":{"rendered":"AGUACHICA FORTALECE SUS SERVICIOS TRIBUTARIOS CON LA APERTURA DEL PUNTO DE ATENCI\u00d3N VIRTUAL DIAN"},"content":{"rendered":"\n<p class=\"has-text-align-left wp-block-paragraph\">Aguachica ampl\u00eda su oferta de servicios al p\u00fablico con la puesta en funcionamiento del nuevo <strong>Punto de Atenci\u00f3n Virtual DIAN<\/strong>, una iniciativa conjunta entre la C\u00e1mara de Comercio de Aguachica y la <strong>DIAN Seccional Valledupar<\/strong> para facilitar los tr\u00e1mites tributarios a la comunidad.<\/p>\n\n\n\n<p class=\"has-text-align-left wp-block-paragraph\">La inauguraci\u00f3n cont\u00f3 con la presencia de <strong>Hilary P\u00e1ez Soto<\/strong>, directora seccional de la DIAN, y<strong> <\/strong><strong>Anuar Yaver Escobar<\/strong><strong>,<\/strong> presidente ejecutivo de la C\u00e1mara de Comercio, quienes destacaron que este avance permitir\u00e1 acercar la atenci\u00f3n tributaria a miles de ciudadanos que antes deb\u00edan desplazarse a otras ciudades para resolver sus solicitudes.<\/p>\n\n\n\n<p class=\"has-text-align-left wp-block-paragraph\">El servicio funcionar\u00e1 cada mi\u00e9rcoles, en horario de ma\u00f1ana y tarde, y estar\u00e1 disponible de manera gratuita para todos los usuarios que requieran realizar gestiones como actualizaci\u00f3n del RUT, recuperaci\u00f3n de usuario, orientaci\u00f3n tributaria y otros tr\u00e1mites esenciales.<\/p>\n\n\n\n<p class=\"has-text-align-left wp-block-paragraph\">Con este punto de atenci\u00f3n, Aguachica se convierte en un referente regional, beneficiando a habitantes del sur del Cesar y sur de Bol\u00edvar, quienes ahora podr\u00e1n acceder de forma m\u00e1s r\u00e1pida, directa y eficiente a los servicios que ofrece la DIAN.<\/p>\n","protected":false},"excerpt":{"rendered":"<p>Aguachica ampl\u00eda su oferta de servicios al p\u00fablico con la puesta en funcionamiento del nuevo Punto de Atenci\u00f3n Virtual DIAN, una iniciativa conjunta entre la C\u00e1mara de Comercio de Aguachica y la DIAN Seccional Valledupar para facilitar los tr\u00e1mites tributarios a la comunidad. La inauguraci\u00f3n cont\u00f3 con la presencia de Hilary P\u00e1ez Soto, directora seccional [&hellip;]<\/p>\n","protected":false},"author":2,"featured_media":9073,"comment_status":"open","ping_status":"open","sticky":false,"template":"","format":"standard","meta":{"footnotes":""},"categories":[10,11,13,5],"tags":[],"class_list":["post-9072","post","type-post","status-publish","format-standard","has-post-thumbnail","hentry","category-general","category-local","category-news","category-regional"],"_links":{"self":[{"href":"https:\/\/camposerranoradio.com\/home\/wp-json\/wp\/v2\/posts\/9072","targetHints":{"allow":["GET"]}}],"collection":[{"href":"https:\/\/camposerranoradio.com\/home\/wp-json\/wp\/v2\/posts"}],"about":[{"href":"https:\/\/camposerranoradio.com\/home\/wp-json\/wp\/v2\/types\/post"}],"author":[{"embeddable":true,"href":"https:\/\/camposerranoradio.com\/home\/wp-json\/wp\/v2\/users\/2"}],"replies":[{"embeddable":true,"href":"https:\/\/camposerranoradio.com\/home\/wp-json\/wp\/v2\/comments?post=9072"}],"version-history":[{"count":1,"href":"https:\/\/camposerranoradio.com\/home\/wp-json\/wp\/v2\/posts\/9072\/revisions"}],"predecessor-version":[{"id":9074,"href":"https:\/\/camposerranoradio.com\/home\/wp-json\/wp\/v2\/posts\/9072\/revisions\/9074"}],"wp:featuredmedia":[{"embeddable":true,"href":"https:\/\/camposerranoradio.com\/home\/wp-json\/wp\/v2\/media\/9073"}],"wp:attachment":[{"href":"https:\/\/camposerranoradio.com\/home\/wp-json\/wp\/v2\/media?parent=9072"}],"wp:term":[{"taxonomy":"category","embeddable":true,"href":"https:\/\/camposerranoradio.com\/home\/wp-json\/wp\/v2\/categories?post=9072"},{"taxonomy":"post_tag","embeddable":true,"href":"https:\/\/camposerranoradio.com\/home\/wp-json\/wp\/v2\/tags?post=9072"}],"curies":[{"name":"wp","href":"https:\/\/api.w.org\/{rel}","templated":true}]}}