{"id":909,"date":"2022-10-18T17:37:17","date_gmt":"2022-10-18T17:37:17","guid":{"rendered":"https:\/\/camposerranoradio.com\/home\/?p=909"},"modified":"2022-10-18T17:37:18","modified_gmt":"2022-10-18T17:37:18","slug":"gremio-hotelero-de-turismo-y-cultura-en-aguachica-da-conocer-el-cronograma-de-actividades-para-el-mes-de-diciembre","status":"publish","type":"post","link":"https:\/\/camposerranoradio.com\/home\/2022\/10\/18\/gremio-hotelero-de-turismo-y-cultura-en-aguachica-da-conocer-el-cronograma-de-actividades-para-el-mes-de-diciembre\/","title":{"rendered":"GREMIO HOTELERO, DE TURISMO Y CULTURA EN AGUACHICA DA CONOCER EL CRONOGRAMA DE ACTIVIDADES PARA EL MES DE DICIEMBRE"},"content":{"rendered":"\n<p class=\"wp-block-paragraph\">Gremios del sector cultural, hotelero y tur\u00edstico de Aguachica adelantan una serie de actividades a desarrollar para el mes de diciembre a trav\u00e9s de la realizaci\u00f3n del primer festival gastron\u00f3mico, artesanal y cultural que incluye de manera general, a las asociaciones de emprendedores del municipio.<\/p>\n\n\n\n<p class=\"wp-block-paragraph\">El gremio busca establecer a su vez, la raz\u00f3n social \u00abFundaci\u00f3n Cultura y Turismo de Aguachica\u00bb, con la cual determinar\u00e1n legalmente sus proyecciones a trav\u00e9s de una hoja de ruta que visibilizar\u00e1 al municipio de Aguachica, tanto la zona urbana, como rural.<\/p>\n\n\n\n<p class=\"wp-block-paragraph\">El s\u00e1bado quince de octubre, en horas de la ma\u00f1ana, representantes de los diferentes sectores culturales y tur\u00edsticos del municipio se reunieron en el centro Cultural Eladio Vargas, con el objetivo de establecer el cronograma de actividades para el \u00faltimo mes del a\u00f1o en curso, la iniciativa cuenta con el apoyo del SENA, UPC seccional Aguachica, aerol\u00ednea Satena, Asociaci\u00f3n hotelera del sur Ashotelsur, entre otros, adem\u00e1s, en esta oportunidad se cont\u00f3 con el acompa\u00f1amiento de representantes del municipio de San Mart\u00edn, Cesar.<\/p>\n\n\n\n<p class=\"wp-block-paragraph\">\u00abFundaci\u00f3n Cultura y Turismo de Aguachica\u00bb tiene previsto iniciar el d\u00eda s\u00e1bado tres de diciembre con presentaciones gastron\u00f3micas, artesanales, musicales y danzar\u00edas, del mismo modo el d\u00eda diez y finalmente el 17 de diciembre. Durante esos tres d\u00edas la \u00abFundaci\u00f3n Cultura y Turismo de Aguachica\u00bb, vislumbra engrandecer mediante la participaci\u00f3n conjunta, la labor de quienes conforman este importante espacio cultural, de igual modo el gremio extiende una invitaci\u00f3n a aquellas personas que deseen vincularse, pueden acercarse a la calle 3 # 10 \u2013 15.<\/p>\n\n\n\n<p class=\"wp-block-paragraph\">As\u00ed mismo, cabe mencionar que para el d\u00eda cinco de noviembre se estar\u00e1 desarrollando en el Centro Cultural Eladio Vargas, como pre\u00e1mbulo del primer festival gastron\u00f3mico, artesanal y cultural en el municipio, un recital de poes\u00eda, danza y m\u00fasica, a partir de las cinco de la tarde.<\/p>\n\n\n\n<figure class=\"wp-block-audio\"><audio controls src=\"https:\/\/camposerranoradio.com\/home\/wp-content\/uploads\/2022\/10\/WhatsApp-Audio-2022-10-18-at-6.48.57-AM.mp3\"><\/audio><figcaption>Fabi\u00e1n Ortega, coordinador de la Fundaci\u00f3n Cultura y Turismo de Aguachica<\/figcaption><\/figure>\n\n\n\n<p class=\"wp-block-paragraph\"><\/p>\n","protected":false},"excerpt":{"rendered":"<p>Gremios del sector cultural, hotelero y tur\u00edstico de Aguachica adelantan una serie de actividades a desarrollar para el mes de diciembre a trav\u00e9s de la realizaci\u00f3n del primer festival gastron\u00f3mico, artesanal y cultural que incluye de manera general, a las asociaciones de emprendedores del municipio. El gremio busca establecer a su vez, la raz\u00f3n social [&hellip;]<\/p>\n","protected":false},"author":3,"featured_media":0,"comment_status":"open","ping_status":"open","sticky":false,"template":"","format":"standard","meta":{"footnotes":""},"categories":[11,13],"tags":[],"class_list":["post-909","post","type-post","status-publish","format-standard","hentry","category-local","category-news"],"_links":{"self":[{"href":"https:\/\/camposerranoradio.com\/home\/wp-json\/wp\/v2\/posts\/909","targetHints":{"allow":["GET"]}}],"collection":[{"href":"https:\/\/camposerranoradio.com\/home\/wp-json\/wp\/v2\/posts"}],"about":[{"href":"https:\/\/camposerranoradio.com\/home\/wp-json\/wp\/v2\/types\/post"}],"author":[{"embeddable":true,"href":"https:\/\/camposerranoradio.com\/home\/wp-json\/wp\/v2\/users\/3"}],"replies":[{"embeddable":true,"href":"https:\/\/camposerranoradio.com\/home\/wp-json\/wp\/v2\/comments?post=909"}],"version-history":[{"count":1,"href":"https:\/\/camposerranoradio.com\/home\/wp-json\/wp\/v2\/posts\/909\/revisions"}],"predecessor-version":[{"id":912,"href":"https:\/\/camposerranoradio.com\/home\/wp-json\/wp\/v2\/posts\/909\/revisions\/912"}],"wp:attachment":[{"href":"https:\/\/camposerranoradio.com\/home\/wp-json\/wp\/v2\/media?parent=909"}],"wp:term":[{"taxonomy":"category","embeddable":true,"href":"https:\/\/camposerranoradio.com\/home\/wp-json\/wp\/v2\/categories?post=909"},{"taxonomy":"post_tag","embeddable":true,"href":"https:\/\/camposerranoradio.com\/home\/wp-json\/wp\/v2\/tags?post=909"}],"curies":[{"name":"wp","href":"https:\/\/api.w.org\/{rel}","templated":true}]}}