{"id":9096,"date":"2025-11-25T12:21:38","date_gmt":"2025-11-25T12:21:38","guid":{"rendered":"https:\/\/camposerranoradio.com\/home\/?p=9096"},"modified":"2025-11-25T12:21:38","modified_gmt":"2025-11-25T12:21:38","slug":"el-centro-agroempresarial-regional-cesar-celebra-la-culminacion-academica-de-110-nuevos-profesionales","status":"publish","type":"post","link":"https:\/\/camposerranoradio.com\/home\/2025\/11\/25\/el-centro-agroempresarial-regional-cesar-celebra-la-culminacion-academica-de-110-nuevos-profesionales\/","title":{"rendered":"EL CENTRO AGROEMPRESARIAL REGIONAL CESAR CELEBRA LA CULMINACI\u00d3N ACAD\u00c9MICA DE 110 NUEVOS PROFESIONALES"},"content":{"rendered":"\n<p class=\"has-text-align-left wp-block-paragraph\">En un acto solemne y lleno de significado, el SENA Regional Cesar, a trav\u00e9s del Centro Agroempresarial, gradu\u00f3 a 110 aprendices que culminaron con \u00e9xito sus programas de formaci\u00f3n como t\u00e9cnicos, tecn\u00f3logos y operarios.<\/p>\n\n\n\n<p class=\"has-text-align-left wp-block-paragraph\">La ceremonia destac\u00f3 el proceso recorrido por cada uno de los egresados, quienes demostraron constancia, disciplina y compromiso durante su etapa formativa. El evento permiti\u00f3 reconocer el esfuerzo invertido por los estudiantes y el acompa\u00f1amiento brindado por instructores y directivos, fundamentales en la construcci\u00f3n de sus competencias profesionales.<\/p>\n\n\n\n<p class=\"has-text-align-left wp-block-paragraph\">El SENA, a trav\u00e9s del Centro Agroempresarial, reiter\u00f3 su misi\u00f3n de formar talento humano con capacidades pertinentes para el sector productivo y de aportar al desarrollo regional mediante programas de calidad. La instituci\u00f3n resalt\u00f3 que cada egresado representa una oportunidad para fortalecer la fuerza laboral y proyectar crecimiento en diferentes \u00e1reas del territorio.<\/p>\n\n\n\n<p class=\"has-text-align-left wp-block-paragraph\">Los 110 graduados celebran hoy el cierre de un ciclo y el inicio de nuevos retos profesionales, llevando consigo las herramientas, el conocimiento y la preparaci\u00f3n adquirida durante su paso por la entidad.<\/p>\n","protected":false},"excerpt":{"rendered":"<p>En un acto solemne y lleno de significado, el SENA Regional Cesar, a trav\u00e9s del Centro Agroempresarial, gradu\u00f3 a 110 aprendices que culminaron con \u00e9xito sus programas de formaci\u00f3n como t\u00e9cnicos, tecn\u00f3logos y operarios. La ceremonia destac\u00f3 el proceso recorrido por cada uno de los egresados, quienes demostraron constancia, disciplina y compromiso durante su etapa [&hellip;]<\/p>\n","protected":false},"author":2,"featured_media":9097,"comment_status":"open","ping_status":"open","sticky":false,"template":"","format":"standard","meta":{"footnotes":""},"categories":[10,11,13,5],"tags":[],"class_list":["post-9096","post","type-post","status-publish","format-standard","has-post-thumbnail","hentry","category-general","category-local","category-news","category-regional"],"_links":{"self":[{"href":"https:\/\/camposerranoradio.com\/home\/wp-json\/wp\/v2\/posts\/9096","targetHints":{"allow":["GET"]}}],"collection":[{"href":"https:\/\/camposerranoradio.com\/home\/wp-json\/wp\/v2\/posts"}],"about":[{"href":"https:\/\/camposerranoradio.com\/home\/wp-json\/wp\/v2\/types\/post"}],"author":[{"embeddable":true,"href":"https:\/\/camposerranoradio.com\/home\/wp-json\/wp\/v2\/users\/2"}],"replies":[{"embeddable":true,"href":"https:\/\/camposerranoradio.com\/home\/wp-json\/wp\/v2\/comments?post=9096"}],"version-history":[{"count":1,"href":"https:\/\/camposerranoradio.com\/home\/wp-json\/wp\/v2\/posts\/9096\/revisions"}],"predecessor-version":[{"id":9098,"href":"https:\/\/camposerranoradio.com\/home\/wp-json\/wp\/v2\/posts\/9096\/revisions\/9098"}],"wp:featuredmedia":[{"embeddable":true,"href":"https:\/\/camposerranoradio.com\/home\/wp-json\/wp\/v2\/media\/9097"}],"wp:attachment":[{"href":"https:\/\/camposerranoradio.com\/home\/wp-json\/wp\/v2\/media?parent=9096"}],"wp:term":[{"taxonomy":"category","embeddable":true,"href":"https:\/\/camposerranoradio.com\/home\/wp-json\/wp\/v2\/categories?post=9096"},{"taxonomy":"post_tag","embeddable":true,"href":"https:\/\/camposerranoradio.com\/home\/wp-json\/wp\/v2\/tags?post=9096"}],"curies":[{"name":"wp","href":"https:\/\/api.w.org\/{rel}","templated":true}]}}