{"id":9113,"date":"2025-11-26T13:09:27","date_gmt":"2025-11-26T13:09:27","guid":{"rendered":"https:\/\/camposerranoradio.com\/home\/?p=9113"},"modified":"2025-11-26T13:09:27","modified_gmt":"2025-11-26T13:09:27","slug":"en-aguachica-se-venden-hasta-seis-motos-electricas-diarias-ante-el-auge-de-la-movilidad-alternativa","status":"publish","type":"post","link":"https:\/\/camposerranoradio.com\/home\/2025\/11\/26\/en-aguachica-se-venden-hasta-seis-motos-electricas-diarias-ante-el-auge-de-la-movilidad-alternativa\/","title":{"rendered":"EN AGUACHICA SE VENDEN HASTA SEIS MOTOS EL\u00c9CTRICAS DIARIAS ANTE EL AUGE DE LA MOVILIDAD ALTERNATIVA"},"content":{"rendered":"\n<p class=\"has-text-align-left wp-block-paragraph\">En Aguachica, la comercializaci\u00f3n de motos el\u00e9ctricas ha registrado un crecimiento acelerado en los \u00faltimos meses, alcanzando ventas diarias que oscilan entre cinco y seis unidades, seg\u00fan reportan establecimientos dedicados a este tipo de veh\u00edculos.<\/p>\n\n\n\n<p class=\"has-text-align-left wp-block-paragraph\">El incremento en la demanda estar\u00eda relacionado con factores como el ahorro en combustible, la facilidad de uso y la reducci\u00f3n de costos asociados a tr\u00e1mites y mantenimiento. De acuerdo con comerciantes del sector, una de las principales motivaciones de los compradores es que las motos el\u00e9ctricas no requieren SOAT ni revisi\u00f3n tecnomec\u00e1nica, lo que representa una ventaja econ\u00f3mica significativa frente a las motocicletas tradicionales.<\/p>\n\n\n\n<p class=\"has-text-align-left wp-block-paragraph\">A este panorama se suma que, en comparaci\u00f3n con otros veh\u00edculos, las motos el\u00e9ctricas resultan m\u00e1s econ\u00f3micas a la hora de adquirirlas, lo que las convierte en una opci\u00f3n accesible para quienes buscan movilidad propia sin una inversi\u00f3n elevada. Comerciantes locales destacan que este factor ha sido determinante para ampliar el n\u00famero de compradores.<\/p>\n\n\n\n<p class=\"has-text-align-left wp-block-paragraph\">Asimismo, se ha evidenciado que estos veh\u00edculos son utilizados, en gran medida, por adultos mayores, quienes encuentran en las motos el\u00e9ctricas un medio de transporte liviano, silencioso y f\u00e1cil de manejar, ideal para desplazamientos cortos dentro del municipio.<\/p>\n\n\n\n<p class=\"has-text-align-left wp-block-paragraph\">El notable aumento en las ventas ha generado expectativas en el comercio local, que prev\u00e9 un cierre de a\u00f1o positivo y un crecimiento sostenido en 2026. Entretanto, las autoridades municipales han se\u00f1alado que este fen\u00f3meno plantea nuevos retos en materia de movilidad, infraestructura vial y regulaci\u00f3n, debido al creciente n\u00famero de veh\u00edculos el\u00e9ctricos que circulan por las calles de Aguachica.<\/p>\n\n\n\n<p class=\"has-text-align-left wp-block-paragraph\">Con una tendencia en ascenso, las motos el\u00e9ctricas se posicionan como una de las opciones m\u00e1s elegidas por los habitantes del municipio, marcando un cambio en los h\u00e1bitos de desplazamiento y en la din\u00e1mica comercial del sector automotor.<\/p>\n","protected":false},"excerpt":{"rendered":"<p>En Aguachica, la comercializaci\u00f3n de motos el\u00e9ctricas ha registrado un crecimiento acelerado en los \u00faltimos meses, alcanzando ventas diarias que oscilan entre cinco y seis unidades, seg\u00fan reportan establecimientos dedicados a este tipo de veh\u00edculos. El incremento en la demanda estar\u00eda relacionado con factores como el ahorro en combustible, la facilidad de uso y la [&hellip;]<\/p>\n","protected":false},"author":2,"featured_media":9114,"comment_status":"open","ping_status":"open","sticky":false,"template":"","format":"standard","meta":{"footnotes":""},"categories":[10,11,17,13,5,29],"tags":[],"class_list":["post-9113","post","type-post","status-publish","format-standard","has-post-thumbnail","hentry","category-general","category-local","category-nacional","category-news","category-regional","category-rural"],"_links":{"self":[{"href":"https:\/\/camposerranoradio.com\/home\/wp-json\/wp\/v2\/posts\/9113","targetHints":{"allow":["GET"]}}],"collection":[{"href":"https:\/\/camposerranoradio.com\/home\/wp-json\/wp\/v2\/posts"}],"about":[{"href":"https:\/\/camposerranoradio.com\/home\/wp-json\/wp\/v2\/types\/post"}],"author":[{"embeddable":true,"href":"https:\/\/camposerranoradio.com\/home\/wp-json\/wp\/v2\/users\/2"}],"replies":[{"embeddable":true,"href":"https:\/\/camposerranoradio.com\/home\/wp-json\/wp\/v2\/comments?post=9113"}],"version-history":[{"count":1,"href":"https:\/\/camposerranoradio.com\/home\/wp-json\/wp\/v2\/posts\/9113\/revisions"}],"predecessor-version":[{"id":9115,"href":"https:\/\/camposerranoradio.com\/home\/wp-json\/wp\/v2\/posts\/9113\/revisions\/9115"}],"wp:featuredmedia":[{"embeddable":true,"href":"https:\/\/camposerranoradio.com\/home\/wp-json\/wp\/v2\/media\/9114"}],"wp:attachment":[{"href":"https:\/\/camposerranoradio.com\/home\/wp-json\/wp\/v2\/media?parent=9113"}],"wp:term":[{"taxonomy":"category","embeddable":true,"href":"https:\/\/camposerranoradio.com\/home\/wp-json\/wp\/v2\/categories?post=9113"},{"taxonomy":"post_tag","embeddable":true,"href":"https:\/\/camposerranoradio.com\/home\/wp-json\/wp\/v2\/tags?post=9113"}],"curies":[{"name":"wp","href":"https:\/\/api.w.org\/{rel}","templated":true}]}}