{"id":9119,"date":"2025-11-27T13:57:46","date_gmt":"2025-11-27T13:57:46","guid":{"rendered":"https:\/\/camposerranoradio.com\/home\/?p=9119"},"modified":"2025-11-27T13:58:35","modified_gmt":"2025-11-27T13:58:35","slug":"avanza-dialogo-sobre-la-avenida-cielo-y-alumbrado-publico-con-nuevos-compromisos-para-la-comunidad","status":"publish","type":"post","link":"https:\/\/camposerranoradio.com\/home\/2025\/11\/27\/avanza-dialogo-sobre-la-avenida-cielo-y-alumbrado-publico-con-nuevos-compromisos-para-la-comunidad\/","title":{"rendered":"AVANZA DI\u00c1LOGO SOBRE LA AVENIDA CIELO Y ALUMBRADO P\u00daBLICO CON NUEVOS COMPROMISOS PARA LA COMUNIDAD"},"content":{"rendered":"\n<p class=\"has-text-align-left wp-block-paragraph\">En un reciente espacio de di\u00e1logo entre la Secretar\u00eda de Planeaci\u00f3n y el Consorcio Avenida Cielo, con la participaci\u00f3n institucional del Concejo Municipal, se evaluaron los avances del proyecto y las necesidades planteadas por las comunidades cercanas a la obra.<\/p>\n\n\n\n<p class=\"has-text-align-left wp-block-paragraph\">Durante la reuni\u00f3n, el consorcio asumi\u00f3 compromisos con los habitantes de los barrios Romero D\u00edaz y Oasis, entre ellos la construcci\u00f3n de andenes y la entrega de un primer tramo en diciembre, como parte del cronograma establecido para recuperar la confianza ciudadana.<\/p>\n\n\n\n<p class=\"has-text-align-left wp-block-paragraph\">Adem\u00e1s, se socializ\u00f3 que la Avenida Cielo tiene una proyecci\u00f3n de culminaci\u00f3n para marzo de 2026, destacando su importancia para mejorar la movilidad y dinamizar el desarrollo urbano de la zona intervenida.<\/p>\n\n\n\n<p class=\"has-text-align-left wp-block-paragraph\">Otro tema tratado fue el proyecto de expansi\u00f3n del alumbrado p\u00fablico, firmado hace seis meses y a\u00fan sin ejecuci\u00f3n. Se pidi\u00f3 agilizar los procesos y garantizar seguimiento para ofrecer espacios m\u00e1s seguros e iluminados a la comunidad.<\/p>\n\n\n\n<p class=\"has-text-align-left wp-block-paragraph\">Las entidades presentes se\u00f1alaron la importancia de mantener comunicaci\u00f3n constante con la ciudadan\u00eda y avanzar en acciones que impulsen el bienestar y el progreso del municipio.<\/p>\n","protected":false},"excerpt":{"rendered":"<p>En un reciente espacio de di\u00e1logo entre la Secretar\u00eda de Planeaci\u00f3n y el Consorcio Avenida Cielo, con la participaci\u00f3n institucional del Concejo Municipal, se evaluaron los avances del proyecto y las necesidades planteadas por las comunidades cercanas a la obra. Durante la reuni\u00f3n, el consorcio asumi\u00f3 compromisos con los habitantes de los barrios Romero D\u00edaz [&hellip;]<\/p>\n","protected":false},"author":2,"featured_media":9121,"comment_status":"open","ping_status":"open","sticky":false,"template":"","format":"standard","meta":{"footnotes":""},"categories":[10,11,13],"tags":[],"class_list":["post-9119","post","type-post","status-publish","format-standard","has-post-thumbnail","hentry","category-general","category-local","category-news"],"_links":{"self":[{"href":"https:\/\/camposerranoradio.com\/home\/wp-json\/wp\/v2\/posts\/9119","targetHints":{"allow":["GET"]}}],"collection":[{"href":"https:\/\/camposerranoradio.com\/home\/wp-json\/wp\/v2\/posts"}],"about":[{"href":"https:\/\/camposerranoradio.com\/home\/wp-json\/wp\/v2\/types\/post"}],"author":[{"embeddable":true,"href":"https:\/\/camposerranoradio.com\/home\/wp-json\/wp\/v2\/users\/2"}],"replies":[{"embeddable":true,"href":"https:\/\/camposerranoradio.com\/home\/wp-json\/wp\/v2\/comments?post=9119"}],"version-history":[{"count":1,"href":"https:\/\/camposerranoradio.com\/home\/wp-json\/wp\/v2\/posts\/9119\/revisions"}],"predecessor-version":[{"id":9120,"href":"https:\/\/camposerranoradio.com\/home\/wp-json\/wp\/v2\/posts\/9119\/revisions\/9120"}],"wp:featuredmedia":[{"embeddable":true,"href":"https:\/\/camposerranoradio.com\/home\/wp-json\/wp\/v2\/media\/9121"}],"wp:attachment":[{"href":"https:\/\/camposerranoradio.com\/home\/wp-json\/wp\/v2\/media?parent=9119"}],"wp:term":[{"taxonomy":"category","embeddable":true,"href":"https:\/\/camposerranoradio.com\/home\/wp-json\/wp\/v2\/categories?post=9119"},{"taxonomy":"post_tag","embeddable":true,"href":"https:\/\/camposerranoradio.com\/home\/wp-json\/wp\/v2\/tags?post=9119"}],"curies":[{"name":"wp","href":"https:\/\/api.w.org\/{rel}","templated":true}]}}