{"id":9130,"date":"2025-11-28T13:18:17","date_gmt":"2025-11-28T13:18:17","guid":{"rendered":"https:\/\/camposerranoradio.com\/home\/?p=9130"},"modified":"2025-11-28T13:18:17","modified_gmt":"2025-11-28T13:18:17","slug":"gran-evento-musical-aguachica-apoya-aguachica-con-artistas-locales-y-programacion-especial","status":"publish","type":"post","link":"https:\/\/camposerranoradio.com\/home\/2025\/11\/28\/gran-evento-musical-aguachica-apoya-aguachica-con-artistas-locales-y-programacion-especial\/","title":{"rendered":"GRAN EVENTO MUSICAL \u201cAGUACHICA APOYA AGUACHICA\u201d CON ARTISTAS LOCALES Y PROGRAMACI\u00d3N ESPECIAL"},"content":{"rendered":"\n<p class=\"has-text-align-left wp-block-paragraph\">Aguachica se prepara para recibir uno de los encuentros musicales m\u00e1s esperados por la comunidad. La primera edici\u00f3n del evento <strong>\u201c<\/strong><strong>Aguachica Apoya Aguachica Bienvenido Diciembre\u201d<\/strong> fue anunciada oficialmente, prometiendo una jornada cargada de talento local, m\u00fasica en vivo y un espacio dise\u00f1ado para el disfrute de las familias y visitantes.<\/p>\n\n\n\n<p class=\"has-text-align-left wp-block-paragraph\">El espect\u00e1culo se realizar\u00e1 este <strong>s\u00e1bado 29 de noviembre<\/strong>en el<strong>Parqueadero El Rojo<\/strong>, donde una variada cartelera de artistas regionales cantantes, agrupaciones y exponentes urbanos estar\u00e1 encargada de animar la apertura de la temporada decembrina.<\/p>\n\n\n\n<p class=\"wp-block-paragraph\">Adem\u00e1s de la presentaci\u00f3n de m\u00faltiples int\u00e9rpretes en tarima, la organizaci\u00f3n dispuso <strong>palcos con capacidad para 12 personas<\/strong>, los cuales incluyen beneficios especiales para quienes deseen vivir la experiencia de manera m\u00e1s cercana al escenario.<\/p>\n\n\n\n<p class=\"wp-block-paragraph\">Como parte de la iniciativa, se dispondr\u00e1 un espacio destacado para motivar la participaci\u00f3n ciudadana y fortalecer el apoyo al talento y a los emprendimientos de la regi\u00f3n. La pasarela central y los palcos numerados ya registran una alta demanda, reflejando el inter\u00e9s del p\u00fablico por este tipo de actividades culturales.<\/p>\n\n\n\n<p class=\"wp-block-paragraph\">El evento es promovido por organizadores locales que han destacado su compromiso por dinamizar la econom\u00eda y el entretenimiento del municipio durante la llegada de la temporada navide\u00f1a. Con una producci\u00f3n colorida y un ambiente festivo, \u201cAguachica Apoya Aguachica\u201d se perfila como un punto de encuentro para celebrar, disfrutar y apoyar el talento de la regi\u00f3n.<\/p>\n","protected":false},"excerpt":{"rendered":"<p>Aguachica se prepara para recibir uno de los encuentros musicales m\u00e1s esperados por la comunidad. La primera edici\u00f3n del evento \u201cAguachica Apoya Aguachica Bienvenido Diciembre\u201d fue anunciada oficialmente, prometiendo una jornada cargada de talento local, m\u00fasica en vivo y un espacio dise\u00f1ado para el disfrute de las familias y visitantes. El espect\u00e1culo se realizar\u00e1 este [&hellip;]<\/p>\n","protected":false},"author":2,"featured_media":9131,"comment_status":"open","ping_status":"open","sticky":false,"template":"","format":"standard","meta":{"footnotes":""},"categories":[4,10,11,13],"tags":[],"class_list":["post-9130","post","type-post","status-publish","format-standard","has-post-thumbnail","hentry","category-entertainment","category-general","category-local","category-news"],"_links":{"self":[{"href":"https:\/\/camposerranoradio.com\/home\/wp-json\/wp\/v2\/posts\/9130","targetHints":{"allow":["GET"]}}],"collection":[{"href":"https:\/\/camposerranoradio.com\/home\/wp-json\/wp\/v2\/posts"}],"about":[{"href":"https:\/\/camposerranoradio.com\/home\/wp-json\/wp\/v2\/types\/post"}],"author":[{"embeddable":true,"href":"https:\/\/camposerranoradio.com\/home\/wp-json\/wp\/v2\/users\/2"}],"replies":[{"embeddable":true,"href":"https:\/\/camposerranoradio.com\/home\/wp-json\/wp\/v2\/comments?post=9130"}],"version-history":[{"count":1,"href":"https:\/\/camposerranoradio.com\/home\/wp-json\/wp\/v2\/posts\/9130\/revisions"}],"predecessor-version":[{"id":9132,"href":"https:\/\/camposerranoradio.com\/home\/wp-json\/wp\/v2\/posts\/9130\/revisions\/9132"}],"wp:featuredmedia":[{"embeddable":true,"href":"https:\/\/camposerranoradio.com\/home\/wp-json\/wp\/v2\/media\/9131"}],"wp:attachment":[{"href":"https:\/\/camposerranoradio.com\/home\/wp-json\/wp\/v2\/media?parent=9130"}],"wp:term":[{"taxonomy":"category","embeddable":true,"href":"https:\/\/camposerranoradio.com\/home\/wp-json\/wp\/v2\/categories?post=9130"},{"taxonomy":"post_tag","embeddable":true,"href":"https:\/\/camposerranoradio.com\/home\/wp-json\/wp\/v2\/tags?post=9130"}],"curies":[{"name":"wp","href":"https:\/\/api.w.org\/{rel}","templated":true}]}}