{"id":9146,"date":"2025-12-29T12:52:19","date_gmt":"2025-12-29T12:52:19","guid":{"rendered":"https:\/\/camposerranoradio.com\/home\/?p=9146"},"modified":"2025-12-29T12:52:19","modified_gmt":"2025-12-29T12:52:19","slug":"el-verano-ya-se-siente-en-todo-el-pais-y-aguachica-enfrenta-con-mayor-fuerza-sus-efectos","status":"publish","type":"post","link":"https:\/\/camposerranoradio.com\/home\/2025\/12\/29\/el-verano-ya-se-siente-en-todo-el-pais-y-aguachica-enfrenta-con-mayor-fuerza-sus-efectos\/","title":{"rendered":"EL VERANO YA SE SIENTE EN TODO EL PA\u00cdS Y AGUACHICA ENFRENTA CON MAYOR FUERZA SUS EFECTOS"},"content":{"rendered":"\n<p class=\"has-text-align-left wp-block-paragraph\">El verano comienza a sentirse en diferentes regiones de Colombia, pero en el municipio de Aguachica el impacto ha sido mucho m\u00e1s fuerte, con jornadas de calor intenso que han cambiado la rutina diaria de los habitantes y han generado preocupaci\u00f3n por las consecuencias que ya se est\u00e1n presentando.<br><\/p>\n\n\n\n<p class=\"has-text-align-left wp-block-paragraph\">Las altas temperaturas, sumadas a la sequedad del ambiente, han provocado incendios en zonas rurales y sectores aleda\u00f1os al casco urbano, donde pastizales y vegetaci\u00f3n seca se han convertido en un riesgo permanente. Los organismos de socorro han tenido que atender varias emergencias, haciendo un llamado a la comunidad para evitar quemas y cualquier pr\u00e1ctica que pueda originar nuevos focos de fuego.<\/p>\n\n\n\n<p class=\"wp-block-paragraph\">A esta situaci\u00f3n se suma el retraso prolongado en la llegada del agua a varios barrios del municipio, ya que en algunos sectores el l\u00edquido tarda varios d\u00edas en llegar a los hogares. Las autoridades advierten que, debido al verano, estos d\u00edas de espera podr\u00edan extenderse a\u00fan m\u00e1s, generando afectaciones en las actividades b\u00e1sicas de las familias.<\/p>\n\n\n\n<p class=\"wp-block-paragraph\">Ante este panorama, se recomienda a la ciudadan\u00eda protegerse del sol, evitando la exposici\u00f3n prolongada en las horas de mayor radiaci\u00f3n, usando gorra o sombrero, ropa fresca, bloqueador solar y manteni\u00e9ndose bien hidratados para prevenir golpes de calor y deshidrataci\u00f3n.<br><\/p>\n\n\n\n<p class=\"wp-block-paragraph\">Finalmente, se hace un llamado urgente al uso racional del agua, cerrando llaves que no est\u00e9n en uso, reutilizando el recurso cuando sea posible y reportando fugas, ya que el cuidado de este recurso es fundamental para enfrentar esta temporada de verano que ya se siente con fuerza en todo el pa\u00eds y especialmente en Aguachica.<\/p>\n","protected":false},"excerpt":{"rendered":"<p>El verano comienza a sentirse en diferentes regiones de Colombia, pero en el municipio de Aguachica el impacto ha sido mucho m\u00e1s fuerte, con jornadas de calor intenso que han cambiado la rutina diaria de los habitantes y han generado preocupaci\u00f3n por las consecuencias que ya se est\u00e1n presentando. Las altas temperaturas, sumadas a la [&hellip;]<\/p>\n","protected":false},"author":2,"featured_media":9147,"comment_status":"open","ping_status":"open","sticky":false,"template":"","format":"standard","meta":{"footnotes":""},"categories":[10,17,13],"tags":[],"class_list":["post-9146","post","type-post","status-publish","format-standard","has-post-thumbnail","hentry","category-general","category-nacional","category-news"],"_links":{"self":[{"href":"https:\/\/camposerranoradio.com\/home\/wp-json\/wp\/v2\/posts\/9146","targetHints":{"allow":["GET"]}}],"collection":[{"href":"https:\/\/camposerranoradio.com\/home\/wp-json\/wp\/v2\/posts"}],"about":[{"href":"https:\/\/camposerranoradio.com\/home\/wp-json\/wp\/v2\/types\/post"}],"author":[{"embeddable":true,"href":"https:\/\/camposerranoradio.com\/home\/wp-json\/wp\/v2\/users\/2"}],"replies":[{"embeddable":true,"href":"https:\/\/camposerranoradio.com\/home\/wp-json\/wp\/v2\/comments?post=9146"}],"version-history":[{"count":1,"href":"https:\/\/camposerranoradio.com\/home\/wp-json\/wp\/v2\/posts\/9146\/revisions"}],"predecessor-version":[{"id":9148,"href":"https:\/\/camposerranoradio.com\/home\/wp-json\/wp\/v2\/posts\/9146\/revisions\/9148"}],"wp:featuredmedia":[{"embeddable":true,"href":"https:\/\/camposerranoradio.com\/home\/wp-json\/wp\/v2\/media\/9147"}],"wp:attachment":[{"href":"https:\/\/camposerranoradio.com\/home\/wp-json\/wp\/v2\/media?parent=9146"}],"wp:term":[{"taxonomy":"category","embeddable":true,"href":"https:\/\/camposerranoradio.com\/home\/wp-json\/wp\/v2\/categories?post=9146"},{"taxonomy":"post_tag","embeddable":true,"href":"https:\/\/camposerranoradio.com\/home\/wp-json\/wp\/v2\/tags?post=9146"}],"curies":[{"name":"wp","href":"https:\/\/api.w.org\/{rel}","templated":true}]}}