{"id":9158,"date":"2025-12-30T12:55:48","date_gmt":"2025-12-30T12:55:48","guid":{"rendered":"https:\/\/camposerranoradio.com\/home\/?p=9158"},"modified":"2025-12-30T12:55:48","modified_gmt":"2025-12-30T12:55:48","slug":"fuerte-aguacero-en-plena-temporada-de-verano-sorprendio-a-la-ciudad","status":"publish","type":"post","link":"https:\/\/camposerranoradio.com\/home\/2025\/12\/30\/fuerte-aguacero-en-plena-temporada-de-verano-sorprendio-a-la-ciudad\/","title":{"rendered":"FUERTE AGUACERO EN PLENA TEMPORADA DE VERANO SORPRENDI\u00d3 A LA CIUDAD"},"content":{"rendered":"\n<p class=\"wp-block-paragraph\">La tarde de ayer, en medio de la temporada de verano, un fuerte aguacero se registr\u00f3 de manera repentina en la ciudad, acompa\u00f1ado de intensas brisas que cambiaron por completo el ambiente habitual de la jornada. En pocos minutos el cielo se torn\u00f3 gris y la lluvia se hizo sentir con fuerza en varios sectores, generando alteraciones en la rutina diaria.<\/p>\n\n\n\n<p class=\"wp-block-paragraph\">Aunque el fen\u00f3meno no se prolong\u00f3 por mucho tiempo, su intensidad fue suficiente para provocar la ca\u00edda de \u00e1rboles, vallas publicitarias y otros elementos livianos de infraestructura. Durante el paso del aguacero se presentaron dificultades moment\u00e1neas en la movilidad y el tr\u00e1nsito, adem\u00e1s de rebosamientos de alcantarillas en diferentes puntos.<\/p>\n\n\n\n<p class=\"wp-block-paragraph\">El cambio brusco de las condiciones clim\u00e1ticas tom\u00f3 por sorpresa a conductores y peatones, ya que en los \u00faltimos d\u00edas hab\u00edan predominado las altas temperaturas y el tiempo seco. La combinaci\u00f3n de viento y lluvia gener\u00f3 preocupaci\u00f3n en distintos puntos del casco urbano, afectando la normalidad de la movilidad y el desarrollo de las actividades cotidianas.<\/p>\n\n\n\n<p class=\"wp-block-paragraph\">Este episodio volvi\u00f3 a evidenciar los contrastes clim\u00e1ticos que se vienen presentando, donde en medio del verano se registran lluvias cortas pero intensas e inesperadas. Situaciones como esta reflejan c\u00f3mo en cuesti\u00f3n de minutos puede transformarse el panorama, pasando del calor intenso a un aguacero de gran fuerza.<\/p>\n","protected":false},"excerpt":{"rendered":"<p>La tarde de ayer, en medio de la temporada de verano, un fuerte aguacero se registr\u00f3 de manera repentina en la ciudad, acompa\u00f1ado de intensas brisas que cambiaron por completo el ambiente habitual de la jornada. En pocos minutos el cielo se torn\u00f3 gris y la lluvia se hizo sentir con fuerza en varios sectores, [&hellip;]<\/p>\n","protected":false},"author":2,"featured_media":9159,"comment_status":"open","ping_status":"open","sticky":false,"template":"","format":"standard","meta":{"footnotes":""},"categories":[10,11,13],"tags":[],"class_list":["post-9158","post","type-post","status-publish","format-standard","has-post-thumbnail","hentry","category-general","category-local","category-news"],"_links":{"self":[{"href":"https:\/\/camposerranoradio.com\/home\/wp-json\/wp\/v2\/posts\/9158","targetHints":{"allow":["GET"]}}],"collection":[{"href":"https:\/\/camposerranoradio.com\/home\/wp-json\/wp\/v2\/posts"}],"about":[{"href":"https:\/\/camposerranoradio.com\/home\/wp-json\/wp\/v2\/types\/post"}],"author":[{"embeddable":true,"href":"https:\/\/camposerranoradio.com\/home\/wp-json\/wp\/v2\/users\/2"}],"replies":[{"embeddable":true,"href":"https:\/\/camposerranoradio.com\/home\/wp-json\/wp\/v2\/comments?post=9158"}],"version-history":[{"count":1,"href":"https:\/\/camposerranoradio.com\/home\/wp-json\/wp\/v2\/posts\/9158\/revisions"}],"predecessor-version":[{"id":9160,"href":"https:\/\/camposerranoradio.com\/home\/wp-json\/wp\/v2\/posts\/9158\/revisions\/9160"}],"wp:featuredmedia":[{"embeddable":true,"href":"https:\/\/camposerranoradio.com\/home\/wp-json\/wp\/v2\/media\/9159"}],"wp:attachment":[{"href":"https:\/\/camposerranoradio.com\/home\/wp-json\/wp\/v2\/media?parent=9158"}],"wp:term":[{"taxonomy":"category","embeddable":true,"href":"https:\/\/camposerranoradio.com\/home\/wp-json\/wp\/v2\/categories?post=9158"},{"taxonomy":"post_tag","embeddable":true,"href":"https:\/\/camposerranoradio.com\/home\/wp-json\/wp\/v2\/tags?post=9158"}],"curies":[{"name":"wp","href":"https:\/\/api.w.org\/{rel}","templated":true}]}}