{"id":9161,"date":"2025-12-30T13:01:01","date_gmt":"2025-12-30T13:01:01","guid":{"rendered":"https:\/\/camposerranoradio.com\/home\/?p=9161"},"modified":"2025-12-30T13:01:01","modified_gmt":"2025-12-30T13:01:01","slug":"homenajes-marcaron-el-primer-aniversario-de-la-tragedia-que-conmovio-a-la-ciudad","status":"publish","type":"post","link":"https:\/\/camposerranoradio.com\/home\/2025\/12\/30\/homenajes-marcaron-el-primer-aniversario-de-la-tragedia-que-conmovio-a-la-ciudad\/","title":{"rendered":"HOMENAJES MARCARON EL PRIMER ANIVERSARIO DE LA TRAGEDIA QUE CONMOVI\u00d3 A LA CIUDAD"},"content":{"rendered":"\n<p class=\"wp-block-paragraph\">Cuando se cumpli\u00f3 un a\u00f1o del crimen ocurrido el 29 de diciembre de 2024, la ciudad se volc\u00f3 a realizar actos simb\u00f3licos en memoria de las v\u00edctimas. La jornada estuvo marcada por el recogimiento y la solidaridad de la comunidad. Diferentes espacios se convirtieron en puntos de encuentro para elevar oraciones, todo en medio de un ambiente de profundo respeto y reflexi\u00f3n.<br><\/p>\n\n\n\n<p class=\"wp-block-paragraph\">En la esquina del restaurante Sorbetes y Jugos se llev\u00f3 a cabo un homenaje en el lugar donde ocurri\u00f3 el lamentable hecho que marc\u00f3 a toda la comunidad. All\u00ed, la iglesia Pr\u00edncipe de Paz realiz\u00f3 un plant\u00f3n y una celebraci\u00f3n de la palabra, convirtiendo el sitio en un espacio de memoria y oraci\u00f3n colectiva.<br><\/p>\n\n\n\n<p class=\"wp-block-paragraph\">De manera simult\u00e1nea, en la Empresa de Servicios P\u00fablicos de Aguachica (ESPA) se desarroll\u00f3 una velat\u00f3n en memoria de \u00c1ngela Lora Rinc\u00f3n, quien trabajaba en la oficina de prensa de la entidad y fue una de las v\u00edctimas de este hecho que estremeci\u00f3 a toda la ciudad. Funcionarios, familiares y ciudadanos encendieron velas y compartieron mensajes de recuerdo, resaltando su compromiso laboral y su calidad humana.<br><\/p>\n\n\n\n<p class=\"wp-block-paragraph\">A un a\u00f1o de la tragedia, el recuerdo de las v\u00edctimas sigue vivo en el coraz\u00f3n de la ciudad. Su ejemplo de vida cristiana y esp\u00edritu de servicio contin\u00faa siendo resaltado. Estos homenajes reafirman que el dolor permanece, pero tambi\u00e9n la esperanza, manteniendo vigente la memoria y el clamor por no olvidar lo sucedido.<\/p>\n","protected":false},"excerpt":{"rendered":"<p>Cuando se cumpli\u00f3 un a\u00f1o del crimen ocurrido el 29 de diciembre de 2024, la ciudad se volc\u00f3 a realizar actos simb\u00f3licos en memoria de las v\u00edctimas. La jornada estuvo marcada por el recogimiento y la solidaridad de la comunidad. Diferentes espacios se convirtieron en puntos de encuentro para elevar oraciones, todo en medio de [&hellip;]<\/p>\n","protected":false},"author":2,"featured_media":9162,"comment_status":"open","ping_status":"open","sticky":false,"template":"","format":"standard","meta":{"footnotes":""},"categories":[10,11,13],"tags":[],"class_list":["post-9161","post","type-post","status-publish","format-standard","has-post-thumbnail","hentry","category-general","category-local","category-news"],"_links":{"self":[{"href":"https:\/\/camposerranoradio.com\/home\/wp-json\/wp\/v2\/posts\/9161","targetHints":{"allow":["GET"]}}],"collection":[{"href":"https:\/\/camposerranoradio.com\/home\/wp-json\/wp\/v2\/posts"}],"about":[{"href":"https:\/\/camposerranoradio.com\/home\/wp-json\/wp\/v2\/types\/post"}],"author":[{"embeddable":true,"href":"https:\/\/camposerranoradio.com\/home\/wp-json\/wp\/v2\/users\/2"}],"replies":[{"embeddable":true,"href":"https:\/\/camposerranoradio.com\/home\/wp-json\/wp\/v2\/comments?post=9161"}],"version-history":[{"count":1,"href":"https:\/\/camposerranoradio.com\/home\/wp-json\/wp\/v2\/posts\/9161\/revisions"}],"predecessor-version":[{"id":9163,"href":"https:\/\/camposerranoradio.com\/home\/wp-json\/wp\/v2\/posts\/9161\/revisions\/9163"}],"wp:featuredmedia":[{"embeddable":true,"href":"https:\/\/camposerranoradio.com\/home\/wp-json\/wp\/v2\/media\/9162"}],"wp:attachment":[{"href":"https:\/\/camposerranoradio.com\/home\/wp-json\/wp\/v2\/media?parent=9161"}],"wp:term":[{"taxonomy":"category","embeddable":true,"href":"https:\/\/camposerranoradio.com\/home\/wp-json\/wp\/v2\/categories?post=9161"},{"taxonomy":"post_tag","embeddable":true,"href":"https:\/\/camposerranoradio.com\/home\/wp-json\/wp\/v2\/tags?post=9161"}],"curies":[{"name":"wp","href":"https:\/\/api.w.org\/{rel}","templated":true}]}}