{"id":9164,"date":"2025-12-30T13:03:58","date_gmt":"2025-12-30T13:03:58","guid":{"rendered":"https:\/\/camposerranoradio.com\/home\/?p=9164"},"modified":"2025-12-30T13:03:58","modified_gmt":"2025-12-30T13:03:58","slug":"jornada-de-union-y-esperanza-para-uniformados-del-batallon-ricaurte","status":"publish","type":"post","link":"https:\/\/camposerranoradio.com\/home\/2025\/12\/30\/jornada-de-union-y-esperanza-para-uniformados-del-batallon-ricaurte\/","title":{"rendered":"JORNADA DE UNI\u00d3N Y ESPERANZA PARA UNIFORMADOS DEL BATALL\u00d3N RICAURTE"},"content":{"rendered":"\n<p class=\"wp-block-paragraph\">Desde la Base Militar del 27, perteneciente al Batall\u00f3n de Infanter\u00eda N.\u00b0 14 y ubicada en la vereda El Juncal, la Segunda Divisi\u00f3n del Ej\u00e9rcito Nacional adelant\u00f3 una jornada especial de acompa\u00f1amiento dirigida a los soldados del Batall\u00f3n Ricaurte. El espacio estuvo enfocado en brindar respaldo institucional y humano al personal que presta servicio en esta unidad, fortaleciendo el esp\u00edritu de cuerpo y la cercan\u00eda entre mandos y tropa.<\/p>\n\n\n\n<p class=\"wp-block-paragraph\"><br>D\u00edas atr\u00e1s, esta base fue escenario de un atentado en el que fallecieron siete soldados, hecho que caus\u00f3 profundo dolor entre los uniformados y sus familias, y que impact\u00f3 de manera significativa a toda la comunidad militar. El recuerdo de este suceso marc\u00f3 el desarrollo de la jornada, convirti\u00e9ndola en un acto de respeto y memoria.<\/p>\n\n\n\n<p class=\"wp-block-paragraph\"><br>Durante el encuentro se promovieron espacios de reflexi\u00f3n, di\u00e1logo y acompa\u00f1amiento emocional, resaltando la importancia del trabajo en equipo y el cuidado integral del personal. Los soldados participaron activamente en las actividades programadas, con el prop\u00f3sito de renovar fuerzas para continuar cumpliendo su misi\u00f3n en la regi\u00f3n.<\/p>\n\n\n\n<p class=\"wp-block-paragraph\"><br>Como parte central de la jornada se realiz\u00f3 un momento de oraci\u00f3n en el que se encomend\u00f3 al Todopoderoso la vida y la labor diaria de los uniformados. Finalmente, la instituci\u00f3n reiter\u00f3 su compromiso con la protecci\u00f3n de la poblaci\u00f3n civil y el mantenimiento de la tranquilidad en el territorio.<\/p>\n","protected":false},"excerpt":{"rendered":"<p>Desde la Base Militar del 27, perteneciente al Batall\u00f3n de Infanter\u00eda N.\u00b0 14 y ubicada en la vereda El Juncal, la Segunda Divisi\u00f3n del Ej\u00e9rcito Nacional adelant\u00f3 una jornada especial de acompa\u00f1amiento dirigida a los soldados del Batall\u00f3n Ricaurte. El espacio estuvo enfocado en brindar respaldo institucional y humano al personal que presta servicio en [&hellip;]<\/p>\n","protected":false},"author":2,"featured_media":9165,"comment_status":"open","ping_status":"open","sticky":false,"template":"","format":"standard","meta":{"footnotes":""},"categories":[10,11,13,5,29],"tags":[],"class_list":["post-9164","post","type-post","status-publish","format-standard","has-post-thumbnail","hentry","category-general","category-local","category-news","category-regional","category-rural"],"_links":{"self":[{"href":"https:\/\/camposerranoradio.com\/home\/wp-json\/wp\/v2\/posts\/9164","targetHints":{"allow":["GET"]}}],"collection":[{"href":"https:\/\/camposerranoradio.com\/home\/wp-json\/wp\/v2\/posts"}],"about":[{"href":"https:\/\/camposerranoradio.com\/home\/wp-json\/wp\/v2\/types\/post"}],"author":[{"embeddable":true,"href":"https:\/\/camposerranoradio.com\/home\/wp-json\/wp\/v2\/users\/2"}],"replies":[{"embeddable":true,"href":"https:\/\/camposerranoradio.com\/home\/wp-json\/wp\/v2\/comments?post=9164"}],"version-history":[{"count":1,"href":"https:\/\/camposerranoradio.com\/home\/wp-json\/wp\/v2\/posts\/9164\/revisions"}],"predecessor-version":[{"id":9166,"href":"https:\/\/camposerranoradio.com\/home\/wp-json\/wp\/v2\/posts\/9164\/revisions\/9166"}],"wp:featuredmedia":[{"embeddable":true,"href":"https:\/\/camposerranoradio.com\/home\/wp-json\/wp\/v2\/media\/9165"}],"wp:attachment":[{"href":"https:\/\/camposerranoradio.com\/home\/wp-json\/wp\/v2\/media?parent=9164"}],"wp:term":[{"taxonomy":"category","embeddable":true,"href":"https:\/\/camposerranoradio.com\/home\/wp-json\/wp\/v2\/categories?post=9164"},{"taxonomy":"post_tag","embeddable":true,"href":"https:\/\/camposerranoradio.com\/home\/wp-json\/wp\/v2\/tags?post=9164"}],"curies":[{"name":"wp","href":"https:\/\/api.w.org\/{rel}","templated":true}]}}