{"id":9167,"date":"2025-12-30T13:06:15","date_gmt":"2025-12-30T13:06:15","guid":{"rendered":"https:\/\/camposerranoradio.com\/home\/?p=9167"},"modified":"2025-12-30T13:06:15","modified_gmt":"2025-12-30T13:06:15","slug":"gobierno-anuncia-ajuste-al-salario-minimo-para-2026-tras-decreto-presidencial","status":"publish","type":"post","link":"https:\/\/camposerranoradio.com\/home\/2025\/12\/30\/gobierno-anuncia-ajuste-al-salario-minimo-para-2026-tras-decreto-presidencial\/","title":{"rendered":"GOBIERNO ANUNCIA AJUSTE AL SALARIO M\u00cdNIMO PARA 2026 TRAS DECRETO PRESIDENCIAL"},"content":{"rendered":"\n<p class=\"wp-block-paragraph\">Este lunes 29 de diciembre de 2025, el presidente Gustavo Petro oficializ\u00f3 el incremento del salario m\u00ednimo legal vigente para el a\u00f1o 2026, mediante decreto del Gobierno Nacional, el cual corresponde a un aumento del 23,5 %. La decisi\u00f3n se tom\u00f3 luego de que no se lograra un acuerdo entre las centrales obreras y el sector empresarial durante las mesas de negociaci\u00f3n salarial, obligando al Ejecutivo a fijar el aumento, amparado en la Ley 278 de 1996.<\/p>\n\n\n\n<p class=\"wp-block-paragraph\"><br>En las negociaciones, las centrales obreras propusieron un incremento cercano al 16 %, mientras que el sector empresarial plante\u00f3 un aumento de 7,21 %. Al no alcanzarse consenso dentro de los plazos establecidos, el Gobierno determin\u00f3 el aumento por decreto para garantizar la aplicaci\u00f3n oportuna del nuevo salario m\u00ednimo a partir del 1 de enero de 2026.<\/p>\n\n\n\n<p class=\"wp-block-paragraph\"><br>El ajuste empezar\u00e1 a regir desde el primer d\u00eda del nuevo a\u00f1o y ser\u00e1 de obligatorio cumplimiento para todos los empleadores en el pa\u00eds, tanto en el sector p\u00fablico como privado. El anuncio estuvo acompa\u00f1ado por autoridades del Ministerio del Trabajo y representantes del Ejecutivo, quienes destacaron la importancia de proteger el poder adquisitivo de los trabajadores.<\/p>\n\n\n\n<p class=\"wp-block-paragraph\"><br>Con la nueva fijaci\u00f3n, el salario m\u00ednimo base queda en $1\u2032750.905, mientras que el auxilio de transporte se ubic\u00f3 en $249.095, conformando un ingreso mensual total de $2\u2032000.000. La medida ha generado diversas reacciones entre trabajadores, empleadores y analistas, quienes eval\u00faan sus posibles efectos en el mercado laboral y la econom\u00eda nacional.<\/p>\n","protected":false},"excerpt":{"rendered":"<p>Este lunes 29 de diciembre de 2025, el presidente Gustavo Petro oficializ\u00f3 el incremento del salario m\u00ednimo legal vigente para el a\u00f1o 2026, mediante decreto del Gobierno Nacional, el cual corresponde a un aumento del 23,5 %. La decisi\u00f3n se tom\u00f3 luego de que no se lograra un acuerdo entre las centrales obreras y el [&hellip;]<\/p>\n","protected":false},"author":2,"featured_media":9168,"comment_status":"open","ping_status":"open","sticky":false,"template":"","format":"standard","meta":{"footnotes":""},"categories":[10,11,17,13],"tags":[],"class_list":["post-9167","post","type-post","status-publish","format-standard","has-post-thumbnail","hentry","category-general","category-local","category-nacional","category-news"],"_links":{"self":[{"href":"https:\/\/camposerranoradio.com\/home\/wp-json\/wp\/v2\/posts\/9167","targetHints":{"allow":["GET"]}}],"collection":[{"href":"https:\/\/camposerranoradio.com\/home\/wp-json\/wp\/v2\/posts"}],"about":[{"href":"https:\/\/camposerranoradio.com\/home\/wp-json\/wp\/v2\/types\/post"}],"author":[{"embeddable":true,"href":"https:\/\/camposerranoradio.com\/home\/wp-json\/wp\/v2\/users\/2"}],"replies":[{"embeddable":true,"href":"https:\/\/camposerranoradio.com\/home\/wp-json\/wp\/v2\/comments?post=9167"}],"version-history":[{"count":1,"href":"https:\/\/camposerranoradio.com\/home\/wp-json\/wp\/v2\/posts\/9167\/revisions"}],"predecessor-version":[{"id":9169,"href":"https:\/\/camposerranoradio.com\/home\/wp-json\/wp\/v2\/posts\/9167\/revisions\/9169"}],"wp:featuredmedia":[{"embeddable":true,"href":"https:\/\/camposerranoradio.com\/home\/wp-json\/wp\/v2\/media\/9168"}],"wp:attachment":[{"href":"https:\/\/camposerranoradio.com\/home\/wp-json\/wp\/v2\/media?parent=9167"}],"wp:term":[{"taxonomy":"category","embeddable":true,"href":"https:\/\/camposerranoradio.com\/home\/wp-json\/wp\/v2\/categories?post=9167"},{"taxonomy":"post_tag","embeddable":true,"href":"https:\/\/camposerranoradio.com\/home\/wp-json\/wp\/v2\/tags?post=9167"}],"curies":[{"name":"wp","href":"https:\/\/api.w.org\/{rel}","templated":true}]}}