{"id":9198,"date":"2026-01-28T16:41:29","date_gmt":"2026-01-28T16:41:29","guid":{"rendered":"https:\/\/camposerranoradio.com\/home\/?p=9198"},"modified":"2026-01-28T16:41:29","modified_gmt":"2026-01-28T16:41:29","slug":"senales-de-remezon-politico-cubren-publicidad-de-gumer-de-la-pena-en-la-via-aguachica-gamarra","status":"publish","type":"post","link":"https:\/\/camposerranoradio.com\/home\/2026\/01\/28\/senales-de-remezon-politico-cubren-publicidad-de-gumer-de-la-pena-en-la-via-aguachica-gamarra\/","title":{"rendered":"SE\u00d1ALES DE REMEZ\u00d3N POL\u00cdTICO, CUBREN PUBLICIDAD DE GUMER DE LA PE\u00d1A EN LA V\u00cdA AGUACHICA\u2013GAMARRA"},"content":{"rendered":"\n<p class=\"wp-block-paragraph\">Llam\u00f3 la atenci\u00f3n la instalaci\u00f3n de un pend\u00f3n de la campa\u00f1a de Mello Castro sobre una valla publicitaria que ya se encontraba instalada y pertenec\u00eda al candidato Gumer de la Pe\u00f1a.<\/p>\n\n\n\n<p class=\"wp-block-paragraph\"><br>El hecho se registr\u00f3 en la salida de Aguachica hacia Gamarra, donde, seg\u00fan versiones conocidas, la valla original no fue desmontada, sino que la nueva publicidad fue colocada directamente encima, cubriendo por completo la imagen del candidato que \u201cjuega de local\u201d.<\/p>\n\n\n\n<p class=\"wp-block-paragraph\"><br>Para muchos ciudadanos resulta incomprensible que se opaque la publicidad de un aspirante con respaldo en la zona para dar visibilidad a otro considerado for\u00e1neo, situaci\u00f3n que ha generado m\u00faltiples comentarios en el ambiente pol\u00edtico del municipio.<\/p>\n\n\n\n<p class=\"wp-block-paragraph\"><br>De acuerdo con lo que se comenta, este episodio podr\u00eda ser una se\u00f1al de que \u201calgo se est\u00e1 moviendo\u201d al interior de la pol\u00edtica regional, especialmente entre campa\u00f1as que contar\u00edan con el respaldo de la casa Gnecco, donde al parecer se estar\u00edan reacomodando fichas y apoyos de cara a las elecciones.<\/p>\n","protected":false},"excerpt":{"rendered":"<p>Llam\u00f3 la atenci\u00f3n la instalaci\u00f3n de un pend\u00f3n de la campa\u00f1a de Mello Castro sobre una valla publicitaria que ya se encontraba instalada y pertenec\u00eda al candidato Gumer de la Pe\u00f1a. El hecho se registr\u00f3 en la salida de Aguachica hacia Gamarra, donde, seg\u00fan versiones conocidas, la valla original no fue desmontada, sino que la [&hellip;]<\/p>\n","protected":false},"author":2,"featured_media":9199,"comment_status":"open","ping_status":"open","sticky":false,"template":"","format":"standard","meta":{"footnotes":""},"categories":[11,13,14],"tags":[],"class_list":["post-9198","post","type-post","status-publish","format-standard","has-post-thumbnail","hentry","category-local","category-news","category-politica"],"_links":{"self":[{"href":"https:\/\/camposerranoradio.com\/home\/wp-json\/wp\/v2\/posts\/9198","targetHints":{"allow":["GET"]}}],"collection":[{"href":"https:\/\/camposerranoradio.com\/home\/wp-json\/wp\/v2\/posts"}],"about":[{"href":"https:\/\/camposerranoradio.com\/home\/wp-json\/wp\/v2\/types\/post"}],"author":[{"embeddable":true,"href":"https:\/\/camposerranoradio.com\/home\/wp-json\/wp\/v2\/users\/2"}],"replies":[{"embeddable":true,"href":"https:\/\/camposerranoradio.com\/home\/wp-json\/wp\/v2\/comments?post=9198"}],"version-history":[{"count":1,"href":"https:\/\/camposerranoradio.com\/home\/wp-json\/wp\/v2\/posts\/9198\/revisions"}],"predecessor-version":[{"id":9201,"href":"https:\/\/camposerranoradio.com\/home\/wp-json\/wp\/v2\/posts\/9198\/revisions\/9201"}],"wp:featuredmedia":[{"embeddable":true,"href":"https:\/\/camposerranoradio.com\/home\/wp-json\/wp\/v2\/media\/9199"}],"wp:attachment":[{"href":"https:\/\/camposerranoradio.com\/home\/wp-json\/wp\/v2\/media?parent=9198"}],"wp:term":[{"taxonomy":"category","embeddable":true,"href":"https:\/\/camposerranoradio.com\/home\/wp-json\/wp\/v2\/categories?post=9198"},{"taxonomy":"post_tag","embeddable":true,"href":"https:\/\/camposerranoradio.com\/home\/wp-json\/wp\/v2\/tags?post=9198"}],"curies":[{"name":"wp","href":"https:\/\/api.w.org\/{rel}","templated":true}]}}