{"id":9208,"date":"2026-01-28T17:20:31","date_gmt":"2026-01-28T17:20:31","guid":{"rendered":"https:\/\/camposerranoradio.com\/home\/?p=9208"},"modified":"2026-01-28T17:20:31","modified_gmt":"2026-01-28T17:20:31","slug":"medicos-y-militares-celebran-su-primer-pago-tras-reconocimiento-economico","status":"publish","type":"post","link":"https:\/\/camposerranoradio.com\/home\/2026\/01\/28\/medicos-y-militares-celebran-su-primer-pago-tras-reconocimiento-economico\/","title":{"rendered":"M\u00c9DICOS Y MILITARES CELEBRAN SU PRIMER PAGO TRAS RECONOCIMIENTO ECON\u00d3MICO"},"content":{"rendered":"\n<p class=\"wp-block-paragraph\">En diferentes regiones del pa\u00eds se han registrado expresiones de alegr\u00eda por parte de soldados del servicio militar y m\u00e9dicos internos, quienes comenzaron a recibir por primera vez un ingreso econ\u00f3mico equivalente al salario m\u00ednimo mensual legal, tras una reciente decisi\u00f3n del Gobierno nacional.<\/p>\n\n\n\n<p class=\"wp-block-paragraph\">En el caso de los militares, el pago mensual de $1.750.000 representa un cambio significativo frente a la bonificaci\u00f3n que anteriormente recib\u00edan, permiti\u00e9ndoles contar con una remuneraci\u00f3n estable durante el tiempo que prestan el servicio obligatorio y brindar apoyo econ\u00f3mico a sus familias.<\/p>\n\n\n\n<p class=\"wp-block-paragraph\">De igual manera, los m\u00e9dicos internos iniciaron el recibo de un apoyo econ\u00f3mico mensual que ser\u00e1 entregado de forma directa, reconociendo el trabajo que realizan en hospitales y centros de salud del pa\u00eds durante su etapa de formaci\u00f3n profesional.<\/p>\n\n\n\n<p class=\"wp-block-paragraph\">Este primer pago ha sido recibido como un reconocimiento hist\u00f3rico al esfuerzo y compromiso de ambos sectores, marcando un avance en la dignificaci\u00f3n de labores que durante a\u00f1os se desempe\u00f1aron sin una compensaci\u00f3n econ\u00f3mica acorde a su responsabilidad.<\/p>\n","protected":false},"excerpt":{"rendered":"<p>En diferentes regiones del pa\u00eds se han registrado expresiones de alegr\u00eda por parte de soldados del servicio militar y m\u00e9dicos internos, quienes comenzaron a recibir por primera vez un ingreso econ\u00f3mico equivalente al salario m\u00ednimo mensual legal, tras una reciente decisi\u00f3n del Gobierno nacional. En el caso de los militares, el pago mensual de $1.750.000 [&hellip;]<\/p>\n","protected":false},"author":2,"featured_media":9209,"comment_status":"open","ping_status":"open","sticky":false,"template":"","format":"standard","meta":{"footnotes":""},"categories":[17,13],"tags":[],"class_list":["post-9208","post","type-post","status-publish","format-standard","has-post-thumbnail","hentry","category-nacional","category-news"],"_links":{"self":[{"href":"https:\/\/camposerranoradio.com\/home\/wp-json\/wp\/v2\/posts\/9208","targetHints":{"allow":["GET"]}}],"collection":[{"href":"https:\/\/camposerranoradio.com\/home\/wp-json\/wp\/v2\/posts"}],"about":[{"href":"https:\/\/camposerranoradio.com\/home\/wp-json\/wp\/v2\/types\/post"}],"author":[{"embeddable":true,"href":"https:\/\/camposerranoradio.com\/home\/wp-json\/wp\/v2\/users\/2"}],"replies":[{"embeddable":true,"href":"https:\/\/camposerranoradio.com\/home\/wp-json\/wp\/v2\/comments?post=9208"}],"version-history":[{"count":1,"href":"https:\/\/camposerranoradio.com\/home\/wp-json\/wp\/v2\/posts\/9208\/revisions"}],"predecessor-version":[{"id":9210,"href":"https:\/\/camposerranoradio.com\/home\/wp-json\/wp\/v2\/posts\/9208\/revisions\/9210"}],"wp:featuredmedia":[{"embeddable":true,"href":"https:\/\/camposerranoradio.com\/home\/wp-json\/wp\/v2\/media\/9209"}],"wp:attachment":[{"href":"https:\/\/camposerranoradio.com\/home\/wp-json\/wp\/v2\/media?parent=9208"}],"wp:term":[{"taxonomy":"category","embeddable":true,"href":"https:\/\/camposerranoradio.com\/home\/wp-json\/wp\/v2\/categories?post=9208"},{"taxonomy":"post_tag","embeddable":true,"href":"https:\/\/camposerranoradio.com\/home\/wp-json\/wp\/v2\/tags?post=9208"}],"curies":[{"name":"wp","href":"https:\/\/api.w.org\/{rel}","templated":true}]}}