{"id":9211,"date":"2026-01-29T14:28:23","date_gmt":"2026-01-29T14:28:23","guid":{"rendered":"https:\/\/camposerranoradio.com\/home\/?p=9211"},"modified":"2026-01-29T14:28:23","modified_gmt":"2026-01-29T14:28:23","slug":"se-inicio-la-construccion-del-parque-recreodeportivo-las-ferias-en-aguachica","status":"publish","type":"post","link":"https:\/\/camposerranoradio.com\/home\/2026\/01\/29\/se-inicio-la-construccion-del-parque-recreodeportivo-las-ferias-en-aguachica\/","title":{"rendered":"SE INICI\u00d3 LA CONSTRUCCI\u00d3N DEL PARQUE RECREODEPORTIVO LAS FERIAS EN AGUACHICA"},"content":{"rendered":"\n<p class=\"wp-block-paragraph\">En la noche anterior se dio inicio a la construcci\u00f3n del Parque Recreodeportivo Las Ferias, una obra que contar\u00e1 con una inversi\u00f3n superior a los once mil millones de pesos y que busca fortalecer los espacios de recreaci\u00f3n, deporte y esparcimiento para la comunidad.<\/p>\n\n\n\n<p class=\"wp-block-paragraph\"><br>Tras la socializaci\u00f3n del proyecto por parte de la administraci\u00f3n municipal, las m\u00e1quinas comenzaron a trabajar, dando inicio a las labores preliminares para la ejecuci\u00f3n de esta importante intervenci\u00f3n urbana en el sector.<\/p>\n\n\n\n<p class=\"wp-block-paragraph\"><br>El parque contar\u00e1 con zonas de juegos infantiles, espacios biosaludables, canchas deportivas y \u00e1reas adecuadas para el disfrute de la comunidad en general, convirti\u00e9ndose en un punto de encuentro para la ciudadan\u00eda.<\/p>\n\n\n\n<p class=\"wp-block-paragraph\"><br>A la jornada asistieron miembros de la comunidad, deportistas y representantes institucionales, quienes presenciaron el inicio de la demolici\u00f3n de la infraestructura existente para dar paso a la nueva obra, la cual tendr\u00e1 un tiempo estimado de ejecuci\u00f3n de once meses.<\/p>\n","protected":false},"excerpt":{"rendered":"<p>En la noche anterior se dio inicio a la construcci\u00f3n del Parque Recreodeportivo Las Ferias, una obra que contar\u00e1 con una inversi\u00f3n superior a los once mil millones de pesos y que busca fortalecer los espacios de recreaci\u00f3n, deporte y esparcimiento para la comunidad. Tras la socializaci\u00f3n del proyecto por parte de la administraci\u00f3n municipal, [&hellip;]<\/p>\n","protected":false},"author":2,"featured_media":9212,"comment_status":"open","ping_status":"open","sticky":false,"template":"","format":"standard","meta":{"footnotes":""},"categories":[15,11,13],"tags":[],"class_list":["post-9211","post","type-post","status-publish","format-standard","has-post-thumbnail","hentry","category-deportes","category-local","category-news"],"_links":{"self":[{"href":"https:\/\/camposerranoradio.com\/home\/wp-json\/wp\/v2\/posts\/9211","targetHints":{"allow":["GET"]}}],"collection":[{"href":"https:\/\/camposerranoradio.com\/home\/wp-json\/wp\/v2\/posts"}],"about":[{"href":"https:\/\/camposerranoradio.com\/home\/wp-json\/wp\/v2\/types\/post"}],"author":[{"embeddable":true,"href":"https:\/\/camposerranoradio.com\/home\/wp-json\/wp\/v2\/users\/2"}],"replies":[{"embeddable":true,"href":"https:\/\/camposerranoradio.com\/home\/wp-json\/wp\/v2\/comments?post=9211"}],"version-history":[{"count":1,"href":"https:\/\/camposerranoradio.com\/home\/wp-json\/wp\/v2\/posts\/9211\/revisions"}],"predecessor-version":[{"id":9213,"href":"https:\/\/camposerranoradio.com\/home\/wp-json\/wp\/v2\/posts\/9211\/revisions\/9213"}],"wp:featuredmedia":[{"embeddable":true,"href":"https:\/\/camposerranoradio.com\/home\/wp-json\/wp\/v2\/media\/9212"}],"wp:attachment":[{"href":"https:\/\/camposerranoradio.com\/home\/wp-json\/wp\/v2\/media?parent=9211"}],"wp:term":[{"taxonomy":"category","embeddable":true,"href":"https:\/\/camposerranoradio.com\/home\/wp-json\/wp\/v2\/categories?post=9211"},{"taxonomy":"post_tag","embeddable":true,"href":"https:\/\/camposerranoradio.com\/home\/wp-json\/wp\/v2\/tags?post=9211"}],"curies":[{"name":"wp","href":"https:\/\/api.w.org\/{rel}","templated":true}]}}