{"id":9217,"date":"2026-02-02T17:06:41","date_gmt":"2026-02-02T17:06:41","guid":{"rendered":"https:\/\/camposerranoradio.com\/home\/?p=9217"},"modified":"2026-02-02T17:06:41","modified_gmt":"2026-02-02T17:06:41","slug":"fenomeno-atmosferico-intensifica-lluvias-en-la-region-caribe-y-se-siente-en-aguachica","status":"publish","type":"post","link":"https:\/\/camposerranoradio.com\/home\/2026\/02\/02\/fenomeno-atmosferico-intensifica-lluvias-en-la-region-caribe-y-se-siente-en-aguachica\/","title":{"rendered":"FEN\u00d3MENO ATMOSF\u00c9RICO INTENSIFICA LLUVIAS EN LA REGI\u00d3N CARIBE Y SE SIENTE EN AGUACHICA"},"content":{"rendered":"\n<p class=\"wp-block-paragraph\">Un sistema de inestabilidad atmosf\u00e9rica asociado a un cicl\u00f3n bomba en el Atl\u00e1ntico norte viene generando fuertes lluvias, aumento de la nubosidad y vientos en gran parte de la regi\u00f3n Caribe, cuyos efectos indirectos tambi\u00e9n se han sentido en Aguachica y otros municipios del sur del Cesar.<\/p>\n\n\n\n<p class=\"wp-block-paragraph\">Las condiciones clim\u00e1ticas se han caracterizado por precipitaciones persistentes, cielo cubierto y episodios de lluvia acompa\u00f1ados de tormentas el\u00e9ctricas, situaci\u00f3n que ha generado preocupaci\u00f3n entre la comunidad. Aunque el fen\u00f3meno principal se desarrolla lejos del territorio nacional, su influencia ha favorecido el ingreso de frentes fr\u00edos y masas de aire inestable que impactan amplias zonas del pa\u00eds.<\/p>\n\n\n\n<p class=\"wp-block-paragraph\">En la costa Caribe, entidades encargadas del monitoreo meteorol\u00f3gico han advertido sobre vientos fuertes y oleaje elevado, mientras que en el interior de la regi\u00f3n, incluyendo Aguachica, se presentan lluvias constantes que podr\u00edan generar afectaciones en la movilidad y aumento en los niveles de quebradas.<\/p>\n\n\n\n<p class=\"wp-block-paragraph\">Expertos se\u00f1alan que la interacci\u00f3n de estos sistemas atmosf\u00e9ricos podr\u00eda mantener las condiciones adversas durante varios d\u00edas, con probabilidad de lluvias por encima de lo normal. Ante este panorama, se recomienda a la ciudadan\u00eda tomar medidas de prevenci\u00f3n, evitar zonas de riesgo y mantenerse atenta a los comunicados oficiales.<\/p>\n","protected":false},"excerpt":{"rendered":"<p>Un sistema de inestabilidad atmosf\u00e9rica asociado a un cicl\u00f3n bomba en el Atl\u00e1ntico norte viene generando fuertes lluvias, aumento de la nubosidad y vientos en gran parte de la regi\u00f3n Caribe, cuyos efectos indirectos tambi\u00e9n se han sentido en Aguachica y otros municipios del sur del Cesar. Las condiciones clim\u00e1ticas se han caracterizado por precipitaciones [&hellip;]<\/p>\n","protected":false},"author":2,"featured_media":9219,"comment_status":"open","ping_status":"open","sticky":false,"template":"","format":"standard","meta":{"footnotes":""},"categories":[10,17,13,20],"tags":[],"class_list":["post-9217","post","type-post","status-publish","format-standard","has-post-thumbnail","hentry","category-general","category-nacional","category-news","category-videos"],"_links":{"self":[{"href":"https:\/\/camposerranoradio.com\/home\/wp-json\/wp\/v2\/posts\/9217","targetHints":{"allow":["GET"]}}],"collection":[{"href":"https:\/\/camposerranoradio.com\/home\/wp-json\/wp\/v2\/posts"}],"about":[{"href":"https:\/\/camposerranoradio.com\/home\/wp-json\/wp\/v2\/types\/post"}],"author":[{"embeddable":true,"href":"https:\/\/camposerranoradio.com\/home\/wp-json\/wp\/v2\/users\/2"}],"replies":[{"embeddable":true,"href":"https:\/\/camposerranoradio.com\/home\/wp-json\/wp\/v2\/comments?post=9217"}],"version-history":[{"count":1,"href":"https:\/\/camposerranoradio.com\/home\/wp-json\/wp\/v2\/posts\/9217\/revisions"}],"predecessor-version":[{"id":9220,"href":"https:\/\/camposerranoradio.com\/home\/wp-json\/wp\/v2\/posts\/9217\/revisions\/9220"}],"wp:featuredmedia":[{"embeddable":true,"href":"https:\/\/camposerranoradio.com\/home\/wp-json\/wp\/v2\/media\/9219"}],"wp:attachment":[{"href":"https:\/\/camposerranoradio.com\/home\/wp-json\/wp\/v2\/media?parent=9217"}],"wp:term":[{"taxonomy":"category","embeddable":true,"href":"https:\/\/camposerranoradio.com\/home\/wp-json\/wp\/v2\/categories?post=9217"},{"taxonomy":"post_tag","embeddable":true,"href":"https:\/\/camposerranoradio.com\/home\/wp-json\/wp\/v2\/tags?post=9217"}],"curies":[{"name":"wp","href":"https:\/\/api.w.org\/{rel}","templated":true}]}}