{"id":9221,"date":"2026-02-02T17:08:54","date_gmt":"2026-02-02T17:08:54","guid":{"rendered":"https:\/\/camposerranoradio.com\/home\/?p=9221"},"modified":"2026-02-02T17:08:54","modified_gmt":"2026-02-02T17:08:54","slug":"reduccion-en-el-valor-de-la-gasolina-rige-a-nivel-nacional-desde-el-primero-de-febrero","status":"publish","type":"post","link":"https:\/\/camposerranoradio.com\/home\/2026\/02\/02\/reduccion-en-el-valor-de-la-gasolina-rige-a-nivel-nacional-desde-el-primero-de-febrero\/","title":{"rendered":"REDUCCI\u00d3N EN EL VALOR DE LA GASOLINA RIGE A NIVEL NACIONAL DESDE EL PRIMERO DE FEBRERO"},"content":{"rendered":"\n<p class=\"wp-block-paragraph\">Desde el primero de febrero, el precio de la gasolina registra una disminuci\u00f3n en Colombia, tras una decisi\u00f3n adoptada por el Ministerio de Minas y Energ\u00eda, que oficializ\u00f3 una reducci\u00f3n de 500 pesos por gal\u00f3n mediante resoluci\u00f3n vigente.<\/p>\n\n\n\n<p class=\"wp-block-paragraph\">La medida busca aliviar la carga econ\u00f3mica de conductores, transportadores y sectores productivos que dependen del combustible, en un contexto marcado por los altos costos operativos.<\/p>\n\n\n\n<p class=\"wp-block-paragraph\">En contraste, el precio del di\u00e9sel se mantiene sin modificaciones, conservando su valor actual para los usuarios.<\/p>\n\n\n\n<p class=\"wp-block-paragraph\">La reducci\u00f3n se aplica de forma inmediata en las estaciones de servicio del pa\u00eds, donde ya se refleja el nuevo precio al consumidor.<\/p>\n","protected":false},"excerpt":{"rendered":"<p>Desde el primero de febrero, el precio de la gasolina registra una disminuci\u00f3n en Colombia, tras una decisi\u00f3n adoptada por el Ministerio de Minas y Energ\u00eda, que oficializ\u00f3 una reducci\u00f3n de 500 pesos por gal\u00f3n mediante resoluci\u00f3n vigente. La medida busca aliviar la carga econ\u00f3mica de conductores, transportadores y sectores productivos que dependen del combustible, [&hellip;]<\/p>\n","protected":false},"author":2,"featured_media":9222,"comment_status":"open","ping_status":"open","sticky":false,"template":"","format":"standard","meta":{"footnotes":""},"categories":[10,17,13],"tags":[],"class_list":["post-9221","post","type-post","status-publish","format-standard","has-post-thumbnail","hentry","category-general","category-nacional","category-news"],"_links":{"self":[{"href":"https:\/\/camposerranoradio.com\/home\/wp-json\/wp\/v2\/posts\/9221","targetHints":{"allow":["GET"]}}],"collection":[{"href":"https:\/\/camposerranoradio.com\/home\/wp-json\/wp\/v2\/posts"}],"about":[{"href":"https:\/\/camposerranoradio.com\/home\/wp-json\/wp\/v2\/types\/post"}],"author":[{"embeddable":true,"href":"https:\/\/camposerranoradio.com\/home\/wp-json\/wp\/v2\/users\/2"}],"replies":[{"embeddable":true,"href":"https:\/\/camposerranoradio.com\/home\/wp-json\/wp\/v2\/comments?post=9221"}],"version-history":[{"count":1,"href":"https:\/\/camposerranoradio.com\/home\/wp-json\/wp\/v2\/posts\/9221\/revisions"}],"predecessor-version":[{"id":9223,"href":"https:\/\/camposerranoradio.com\/home\/wp-json\/wp\/v2\/posts\/9221\/revisions\/9223"}],"wp:featuredmedia":[{"embeddable":true,"href":"https:\/\/camposerranoradio.com\/home\/wp-json\/wp\/v2\/media\/9222"}],"wp:attachment":[{"href":"https:\/\/camposerranoradio.com\/home\/wp-json\/wp\/v2\/media?parent=9221"}],"wp:term":[{"taxonomy":"category","embeddable":true,"href":"https:\/\/camposerranoradio.com\/home\/wp-json\/wp\/v2\/categories?post=9221"},{"taxonomy":"post_tag","embeddable":true,"href":"https:\/\/camposerranoradio.com\/home\/wp-json\/wp\/v2\/tags?post=9221"}],"curies":[{"name":"wp","href":"https:\/\/api.w.org\/{rel}","templated":true}]}}