{"id":9224,"date":"2026-02-02T17:15:38","date_gmt":"2026-02-02T17:15:38","guid":{"rendered":"https:\/\/camposerranoradio.com\/home\/?p=9224"},"modified":"2026-02-02T17:15:38","modified_gmt":"2026-02-02T17:15:38","slug":"jornada-policial-refuerza-la-convivencia-y-prevencion-en-ciudadela-la-paz","status":"publish","type":"post","link":"https:\/\/camposerranoradio.com\/home\/2026\/02\/02\/jornada-policial-refuerza-la-convivencia-y-prevencion-en-ciudadela-la-paz\/","title":{"rendered":"JORNADA POLICIAL REFUERZA LA CONVIVENCIA Y PREVENCI\u00d3N EN CIUDADELA LA PAZ"},"content":{"rendered":"\n<p class=\"wp-block-paragraph\">Con el prop\u00f3sito de afianzar la seguridad y promover una sana convivencia, uniformados de la Polic\u00eda Nacional desarrollaron una jornada comunitaria en la urbanizaci\u00f3n Ciudadela La Paz, orientada al trabajo articulado con la comunidad.<\/p>\n\n\n\n<p class=\"wp-block-paragraph\">La actividad incluy\u00f3 espacios pedag\u00f3gicos y de di\u00e1logo en los que se abordaron diferentes problem\u00e1ticas que afectan la tranquilidad de los ciudadanos. Durante la jornada se compartieron orientaciones preventivas relacionadas con delitos como el hurto y la extorsi\u00f3n, as\u00ed como temas asociados a la violencia intrafamiliar, las lesiones personales, el homicidio y el consumo de sustancias psicoactivas, haciendo \u00e9nfasis en la importancia de la denuncia oportuna.<\/p>\n\n\n\n<p class=\"wp-block-paragraph\">En el encuentro tambi\u00e9n se dieron a conocer herramientas institucionales para fortalecer la comunicaci\u00f3n entre la ciudadan\u00eda y la Polic\u00eda, entre ellas la L\u00ednea Contra el Crimen, destacada como un canal seguro y confidencial para reportar situaciones que alteren el orden p\u00fablico. De igual manera, se explic\u00f3 el alcance del programa Zonas Seguras, una estrategia que busca consolidar entornos m\u00e1s protegidos mediante la corresponsabilidad entre autoridades y comunidad.<\/p>\n\n\n\n<p class=\"wp-block-paragraph\">L\u00edderes del sector y residentes participaron activamente, planteando inquietudes y aportando propuestas que contribuyen al fortalecimiento de las acciones preventivas y al mejoramiento de la seguridad en la zona.<\/p>\n\n\n\n<p class=\"wp-block-paragraph\">Este tipo de encuentros reflejan el trabajo constante de la Polic\u00eda Nacional por acercarse a la comunidad, fomentar la confianza ciudadana y promover espacios seguros que garanticen el bienestar colectivo.<\/p>\n","protected":false},"excerpt":{"rendered":"<p>Con el prop\u00f3sito de afianzar la seguridad y promover una sana convivencia, uniformados de la Polic\u00eda Nacional desarrollaron una jornada comunitaria en la urbanizaci\u00f3n Ciudadela La Paz, orientada al trabajo articulado con la comunidad. La actividad incluy\u00f3 espacios pedag\u00f3gicos y de di\u00e1logo en los que se abordaron diferentes problem\u00e1ticas que afectan la tranquilidad de los [&hellip;]<\/p>\n","protected":false},"author":2,"featured_media":9226,"comment_status":"open","ping_status":"open","sticky":false,"template":"","format":"standard","meta":{"footnotes":""},"categories":[11,13],"tags":[],"class_list":["post-9224","post","type-post","status-publish","format-standard","has-post-thumbnail","hentry","category-local","category-news"],"_links":{"self":[{"href":"https:\/\/camposerranoradio.com\/home\/wp-json\/wp\/v2\/posts\/9224","targetHints":{"allow":["GET"]}}],"collection":[{"href":"https:\/\/camposerranoradio.com\/home\/wp-json\/wp\/v2\/posts"}],"about":[{"href":"https:\/\/camposerranoradio.com\/home\/wp-json\/wp\/v2\/types\/post"}],"author":[{"embeddable":true,"href":"https:\/\/camposerranoradio.com\/home\/wp-json\/wp\/v2\/users\/2"}],"replies":[{"embeddable":true,"href":"https:\/\/camposerranoradio.com\/home\/wp-json\/wp\/v2\/comments?post=9224"}],"version-history":[{"count":1,"href":"https:\/\/camposerranoradio.com\/home\/wp-json\/wp\/v2\/posts\/9224\/revisions"}],"predecessor-version":[{"id":9227,"href":"https:\/\/camposerranoradio.com\/home\/wp-json\/wp\/v2\/posts\/9224\/revisions\/9227"}],"wp:featuredmedia":[{"embeddable":true,"href":"https:\/\/camposerranoradio.com\/home\/wp-json\/wp\/v2\/media\/9226"}],"wp:attachment":[{"href":"https:\/\/camposerranoradio.com\/home\/wp-json\/wp\/v2\/media?parent=9224"}],"wp:term":[{"taxonomy":"category","embeddable":true,"href":"https:\/\/camposerranoradio.com\/home\/wp-json\/wp\/v2\/categories?post=9224"},{"taxonomy":"post_tag","embeddable":true,"href":"https:\/\/camposerranoradio.com\/home\/wp-json\/wp\/v2\/tags?post=9224"}],"curies":[{"name":"wp","href":"https:\/\/api.w.org\/{rel}","templated":true}]}}