{"id":9231,"date":"2026-02-02T17:21:17","date_gmt":"2026-02-02T17:21:17","guid":{"rendered":"https:\/\/camposerranoradio.com\/home\/?p=9231"},"modified":"2026-02-02T17:21:17","modified_gmt":"2026-02-02T17:21:17","slug":"consternacion-en-aguachica-por-fatal-accidente-en-la-ruta-del-sol","status":"publish","type":"post","link":"https:\/\/camposerranoradio.com\/home\/2026\/02\/02\/consternacion-en-aguachica-por-fatal-accidente-en-la-ruta-del-sol\/","title":{"rendered":"CONSTERNACI\u00d3N EN AGUACHICA POR FATAL ACCIDENTE EN LA RUTA DEL SOL"},"content":{"rendered":"\n<p class=\"wp-block-paragraph\">Como Danna Espinoza Arango, natural de Aguachica, fue identificada la mujer que perdi\u00f3 la vida en un lamentable accidente de tr\u00e1nsito ocurrido en la Ruta del Sol, en el tramo Besote\u2013Norean, uno de los corredores viales de mayor flujo vehicular en la regi\u00f3n.<\/p>\n\n\n\n<p class=\"wp-block-paragraph\">En el mismo hecho result\u00f3 gravemente herido Alfredo G\u00f3mez.<\/p>\n\n\n\n<p class=\"wp-block-paragraph\">Solano, quien fue auxiliado por organismos de socorro y trasladado de manera urgente a un centro asistencial, donde permanece bajo estricta observaci\u00f3n m\u00e9dica debido a la complejidad de sus lesiones. Ante la gravedad de su estado de salud, familiares, amigos y conocidos han elevado plegarias y mantienen activa una cadena de oraci\u00f3n, a la espera de un parte m\u00e9dico favorable.<\/p>\n\n\n\n<p class=\"wp-block-paragraph\">La noticia del fallecimiento de Danna Espinoza Arango ha causado profunda tristeza y conmoci\u00f3n en Aguachica, comunidad que hoy lamenta la partida de una mujer reconocida por su esp\u00edritu trabajador, su carisma y su dedicaci\u00f3n a su familia. Su muerte deja un vac\u00edo irreparable, especialmente en su hogar, donde era madre de una ni\u00f1a menor de edad, a quien hoy el dolor enluta de manera especial.<\/p>\n\n\n\n<p class=\"wp-block-paragraph\">Este tr\u00e1gico suceso vuelve a encender las alarmas sobre la seguridad vial en la Ruta del Sol, un tramo donde con frecuencia se registran accidentes que terminan en p\u00e9rdidas humanas y graves consecuencias para las familias afectadas.<\/p>\n\n\n\n<p class=\"wp-block-paragraph\">Las autoridades adelantan las investigaciones correspondientes para esclarecer las circunstancias en las que se produjo el accidente, mientras la comunidad aguachiquense se une en solidaridad con los familiares de la v\u00edctima y eleva oraciones por la recuperaci\u00f3n de la persona que permanece hospitalizada.<\/p>\n","protected":false},"excerpt":{"rendered":"<p>Como Danna Espinoza Arango, natural de Aguachica, fue identificada la mujer que perdi\u00f3 la vida en un lamentable accidente de tr\u00e1nsito ocurrido en la Ruta del Sol, en el tramo Besote\u2013Norean, uno de los corredores viales de mayor flujo vehicular en la regi\u00f3n. En el mismo hecho result\u00f3 gravemente herido Alfredo G\u00f3mez. Solano, quien fue [&hellip;]<\/p>\n","protected":false},"author":2,"featured_media":9232,"comment_status":"open","ping_status":"open","sticky":false,"template":"","format":"standard","meta":{"footnotes":""},"categories":[10,11,13,29],"tags":[],"class_list":["post-9231","post","type-post","status-publish","format-standard","has-post-thumbnail","hentry","category-general","category-local","category-news","category-rural"],"_links":{"self":[{"href":"https:\/\/camposerranoradio.com\/home\/wp-json\/wp\/v2\/posts\/9231","targetHints":{"allow":["GET"]}}],"collection":[{"href":"https:\/\/camposerranoradio.com\/home\/wp-json\/wp\/v2\/posts"}],"about":[{"href":"https:\/\/camposerranoradio.com\/home\/wp-json\/wp\/v2\/types\/post"}],"author":[{"embeddable":true,"href":"https:\/\/camposerranoradio.com\/home\/wp-json\/wp\/v2\/users\/2"}],"replies":[{"embeddable":true,"href":"https:\/\/camposerranoradio.com\/home\/wp-json\/wp\/v2\/comments?post=9231"}],"version-history":[{"count":1,"href":"https:\/\/camposerranoradio.com\/home\/wp-json\/wp\/v2\/posts\/9231\/revisions"}],"predecessor-version":[{"id":9233,"href":"https:\/\/camposerranoradio.com\/home\/wp-json\/wp\/v2\/posts\/9231\/revisions\/9233"}],"wp:featuredmedia":[{"embeddable":true,"href":"https:\/\/camposerranoradio.com\/home\/wp-json\/wp\/v2\/media\/9232"}],"wp:attachment":[{"href":"https:\/\/camposerranoradio.com\/home\/wp-json\/wp\/v2\/media?parent=9231"}],"wp:term":[{"taxonomy":"category","embeddable":true,"href":"https:\/\/camposerranoradio.com\/home\/wp-json\/wp\/v2\/categories?post=9231"},{"taxonomy":"post_tag","embeddable":true,"href":"https:\/\/camposerranoradio.com\/home\/wp-json\/wp\/v2\/tags?post=9231"}],"curies":[{"name":"wp","href":"https:\/\/api.w.org\/{rel}","templated":true}]}}