{"id":9234,"date":"2026-02-03T13:46:37","date_gmt":"2026-02-03T13:46:37","guid":{"rendered":"https:\/\/camposerranoradio.com\/home\/?p=9234"},"modified":"2026-02-03T13:46:37","modified_gmt":"2026-02-03T13:46:37","slug":"basuras-generan-malestar-en-el-parque-de-la-ciudadela-de-la-paz","status":"publish","type":"post","link":"https:\/\/camposerranoradio.com\/home\/2026\/02\/03\/basuras-generan-malestar-en-el-parque-de-la-ciudadela-de-la-paz\/","title":{"rendered":"BASURAS GENERAN MALESTAR EN EL PARQUE DE LA CIUDADELA DE LA PAZ"},"content":{"rendered":"\n<p class=\"wp-block-paragraph\">Quienes frecuentan el parque de la Ciudadela de la Paz enfrentan a diario problemas por la acumulaci\u00f3n de basuras en este espacio p\u00fablico, una situaci\u00f3n que se repite cada tarde y afecta el entorno, la convivencia y el adecuado uso del lugar.<\/p>\n\n\n\n<p class=\"wp-block-paragraph\">Seg\u00fan lo manifestado por habitantes del sector, algunos vendedores de comidas r\u00e1pidas depositan sus desechos en el colector ubicado en el parque, el cual termina desbordado. Posteriormente, recicladores vac\u00edan su contenido, dejando residuos esparcidos y convirtiendo el \u00e1rea en un improvisado basurero a cielo abierto.<\/p>\n\n\n\n<p class=\"wp-block-paragraph\">La constante acumulaci\u00f3n de desechos genera malos olores, presencia de animales y una imagen negativa del parque, impactando a familias, ni\u00f1os y deportistas que utilizan el espacio para la recreaci\u00f3n y el esparcimiento.<\/p>\n\n\n\n<p class=\"wp-block-paragraph\">El llamado no solo se dirige a vendedores y recicladores para que asuman un manejo responsable de los residuos, sino tambi\u00e9n a la empresa recolectora del servicio de aseo Veolia, con el fin de que se adopten medidas que permitan mejorar la recolecci\u00f3n y evitar que este espacio p\u00fablico contin\u00fae siendo afectado por la acumulaci\u00f3n de basuras.<\/p>\n","protected":false},"excerpt":{"rendered":"<p>Quienes frecuentan el parque de la Ciudadela de la Paz enfrentan a diario problemas por la acumulaci\u00f3n de basuras en este espacio p\u00fablico, una situaci\u00f3n que se repite cada tarde y afecta el entorno, la convivencia y el adecuado uso del lugar. Seg\u00fan lo manifestado por habitantes del sector, algunos vendedores de comidas r\u00e1pidas depositan [&hellip;]<\/p>\n","protected":false},"author":2,"featured_media":9235,"comment_status":"open","ping_status":"open","sticky":false,"template":"","format":"standard","meta":{"footnotes":""},"categories":[11,17,13],"tags":[],"class_list":["post-9234","post","type-post","status-publish","format-standard","has-post-thumbnail","hentry","category-local","category-nacional","category-news"],"_links":{"self":[{"href":"https:\/\/camposerranoradio.com\/home\/wp-json\/wp\/v2\/posts\/9234","targetHints":{"allow":["GET"]}}],"collection":[{"href":"https:\/\/camposerranoradio.com\/home\/wp-json\/wp\/v2\/posts"}],"about":[{"href":"https:\/\/camposerranoradio.com\/home\/wp-json\/wp\/v2\/types\/post"}],"author":[{"embeddable":true,"href":"https:\/\/camposerranoradio.com\/home\/wp-json\/wp\/v2\/users\/2"}],"replies":[{"embeddable":true,"href":"https:\/\/camposerranoradio.com\/home\/wp-json\/wp\/v2\/comments?post=9234"}],"version-history":[{"count":1,"href":"https:\/\/camposerranoradio.com\/home\/wp-json\/wp\/v2\/posts\/9234\/revisions"}],"predecessor-version":[{"id":9236,"href":"https:\/\/camposerranoradio.com\/home\/wp-json\/wp\/v2\/posts\/9234\/revisions\/9236"}],"wp:featuredmedia":[{"embeddable":true,"href":"https:\/\/camposerranoradio.com\/home\/wp-json\/wp\/v2\/media\/9235"}],"wp:attachment":[{"href":"https:\/\/camposerranoradio.com\/home\/wp-json\/wp\/v2\/media?parent=9234"}],"wp:term":[{"taxonomy":"category","embeddable":true,"href":"https:\/\/camposerranoradio.com\/home\/wp-json\/wp\/v2\/categories?post=9234"},{"taxonomy":"post_tag","embeddable":true,"href":"https:\/\/camposerranoradio.com\/home\/wp-json\/wp\/v2\/tags?post=9234"}],"curies":[{"name":"wp","href":"https:\/\/api.w.org\/{rel}","templated":true}]}}