{"id":9237,"date":"2026-02-03T13:52:33","date_gmt":"2026-02-03T13:52:33","guid":{"rendered":"https:\/\/camposerranoradio.com\/home\/?p=9237"},"modified":"2026-02-03T13:52:33","modified_gmt":"2026-02-03T13:52:33","slug":"hoy-seran-las-exequias-de-danna-johanna-espinosa-arango","status":"publish","type":"post","link":"https:\/\/camposerranoradio.com\/home\/2026\/02\/03\/hoy-seran-las-exequias-de-danna-johanna-espinosa-arango\/","title":{"rendered":"HOY SER\u00c1N LAS EXEQUIAS DE DANNA JOHANNA ESPINOSA ARANGO"},"content":{"rendered":"\n<p class=\"wp-block-paragraph\">Hoy martes 3 de febrero se llevar\u00e1n a cabo las exequias de Danna Johanna Espinosa Arango, cuya partida ha generado profundo pesar entre familiares, amigos y personas cercanas.<\/p>\n\n\n\n<p class=\"wp-block-paragraph\">De acuerdo con la informaci\u00f3n suministrada, la ceremonia religiosa se realizar\u00e1 hoy a las 4:00 de la tarde en la Parroquia Nuestra Se\u00f1ora del Carmen. Posteriormente, se llevar\u00e1 a cabo el sepelio en el Cementerio Central.<\/p>\n\n\n\n<p class=\"wp-block-paragraph\">Desde la emisora Campo Serrano Radio expresamos nuestras m\u00e1s sinceras condolencias a sus familiares y seres queridos. Elevamos un mensaje de solidaridad y fortaleza en este momento de profundo dolor, deseando que encuentren consuelo y paz ante esta irreparable p\u00e9rdida.<\/p>\n","protected":false},"excerpt":{"rendered":"<p>Hoy martes 3 de febrero se llevar\u00e1n a cabo las exequias de Danna Johanna Espinosa Arango, cuya partida ha generado profundo pesar entre familiares, amigos y personas cercanas. De acuerdo con la informaci\u00f3n suministrada, la ceremonia religiosa se realizar\u00e1 hoy a las 4:00 de la tarde en la Parroquia Nuestra Se\u00f1ora del Carmen. Posteriormente, se [&hellip;]<\/p>\n","protected":false},"author":2,"featured_media":9238,"comment_status":"open","ping_status":"open","sticky":false,"template":"","format":"standard","meta":{"footnotes":""},"categories":[11,13],"tags":[],"class_list":["post-9237","post","type-post","status-publish","format-standard","has-post-thumbnail","hentry","category-local","category-news"],"_links":{"self":[{"href":"https:\/\/camposerranoradio.com\/home\/wp-json\/wp\/v2\/posts\/9237","targetHints":{"allow":["GET"]}}],"collection":[{"href":"https:\/\/camposerranoradio.com\/home\/wp-json\/wp\/v2\/posts"}],"about":[{"href":"https:\/\/camposerranoradio.com\/home\/wp-json\/wp\/v2\/types\/post"}],"author":[{"embeddable":true,"href":"https:\/\/camposerranoradio.com\/home\/wp-json\/wp\/v2\/users\/2"}],"replies":[{"embeddable":true,"href":"https:\/\/camposerranoradio.com\/home\/wp-json\/wp\/v2\/comments?post=9237"}],"version-history":[{"count":1,"href":"https:\/\/camposerranoradio.com\/home\/wp-json\/wp\/v2\/posts\/9237\/revisions"}],"predecessor-version":[{"id":9239,"href":"https:\/\/camposerranoradio.com\/home\/wp-json\/wp\/v2\/posts\/9237\/revisions\/9239"}],"wp:featuredmedia":[{"embeddable":true,"href":"https:\/\/camposerranoradio.com\/home\/wp-json\/wp\/v2\/media\/9238"}],"wp:attachment":[{"href":"https:\/\/camposerranoradio.com\/home\/wp-json\/wp\/v2\/media?parent=9237"}],"wp:term":[{"taxonomy":"category","embeddable":true,"href":"https:\/\/camposerranoradio.com\/home\/wp-json\/wp\/v2\/categories?post=9237"},{"taxonomy":"post_tag","embeddable":true,"href":"https:\/\/camposerranoradio.com\/home\/wp-json\/wp\/v2\/tags?post=9237"}],"curies":[{"name":"wp","href":"https:\/\/api.w.org\/{rel}","templated":true}]}}