{"id":9240,"date":"2026-02-03T14:01:51","date_gmt":"2026-02-03T14:01:51","guid":{"rendered":"https:\/\/camposerranoradio.com\/home\/?p=9240"},"modified":"2026-02-03T14:01:51","modified_gmt":"2026-02-03T14:01:51","slug":"villa-del-prado-estrena-alumbrado-publico-tras-mas-de-diez-anos-de-espera","status":"publish","type":"post","link":"https:\/\/camposerranoradio.com\/home\/2026\/02\/03\/villa-del-prado-estrena-alumbrado-publico-tras-mas-de-diez-anos-de-espera\/","title":{"rendered":"VILLA DEL PRADO ESTRENA ALUMBRADO P\u00daBLICO TRAS M\u00c1S DE DIEZ A\u00d1OS DE ESPERA"},"content":{"rendered":"\n<p class=\"wp-block-paragraph\">Tras m\u00e1s de una d\u00e9cada de espera, el sector Villa del Prado finalmente cuenta con alumbrado p\u00fablico, una obra que marca un cambio significativo para la comunidad y responde a una necesidad hist\u00f3rica del barrio.<br>La puesta en funcionamiento del sistema de iluminaci\u00f3n mejora de manera notable las condiciones de seguridad y movilidad en la zona, beneficiando a residentes, peatones y conductores. Durante a\u00f1os, la ausencia de este servicio gener\u00f3 dificultades, especialmente en horas nocturnas, afectando la tranquilidad y el desarrollo del sector.<br>Con la llegada del alumbrado p\u00fablico, el entorno urbano presenta un cambio visible, aportando mayor sensaci\u00f3n de seguridad y mejorando la calidad de vida de quienes habitan y transitan por el lugar. La ejecuci\u00f3n del proyecto cont\u00f3 con el apoyo de la administraci\u00f3n municipal y la empresa AGM, y se enmarca dentro de iniciativas orientadas a atender sectores que por largo tiempo permanecieron sin este tipo de infraestructura b\u00e1sica.<br>Habitantes del sector destacaron la importancia de esta obra, se\u00f1alando que representa un avance esperado durante a\u00f1os y una mejora significativa para la convivencia y el bienestar colectivo.<\/p>\n","protected":false},"excerpt":{"rendered":"<p>Tras m\u00e1s de una d\u00e9cada de espera, el sector Villa del Prado finalmente cuenta con alumbrado p\u00fablico, una obra que marca un cambio significativo para la comunidad y responde a una necesidad hist\u00f3rica del barrio.La puesta en funcionamiento del sistema de iluminaci\u00f3n mejora de manera notable las condiciones de seguridad y movilidad en la zona, [&hellip;]<\/p>\n","protected":false},"author":2,"featured_media":9241,"comment_status":"open","ping_status":"open","sticky":false,"template":"","format":"standard","meta":{"footnotes":""},"categories":[10,11,13],"tags":[],"class_list":["post-9240","post","type-post","status-publish","format-standard","has-post-thumbnail","hentry","category-general","category-local","category-news"],"_links":{"self":[{"href":"https:\/\/camposerranoradio.com\/home\/wp-json\/wp\/v2\/posts\/9240","targetHints":{"allow":["GET"]}}],"collection":[{"href":"https:\/\/camposerranoradio.com\/home\/wp-json\/wp\/v2\/posts"}],"about":[{"href":"https:\/\/camposerranoradio.com\/home\/wp-json\/wp\/v2\/types\/post"}],"author":[{"embeddable":true,"href":"https:\/\/camposerranoradio.com\/home\/wp-json\/wp\/v2\/users\/2"}],"replies":[{"embeddable":true,"href":"https:\/\/camposerranoradio.com\/home\/wp-json\/wp\/v2\/comments?post=9240"}],"version-history":[{"count":1,"href":"https:\/\/camposerranoradio.com\/home\/wp-json\/wp\/v2\/posts\/9240\/revisions"}],"predecessor-version":[{"id":9242,"href":"https:\/\/camposerranoradio.com\/home\/wp-json\/wp\/v2\/posts\/9240\/revisions\/9242"}],"wp:featuredmedia":[{"embeddable":true,"href":"https:\/\/camposerranoradio.com\/home\/wp-json\/wp\/v2\/media\/9241"}],"wp:attachment":[{"href":"https:\/\/camposerranoradio.com\/home\/wp-json\/wp\/v2\/media?parent=9240"}],"wp:term":[{"taxonomy":"category","embeddable":true,"href":"https:\/\/camposerranoradio.com\/home\/wp-json\/wp\/v2\/categories?post=9240"},{"taxonomy":"post_tag","embeddable":true,"href":"https:\/\/camposerranoradio.com\/home\/wp-json\/wp\/v2\/tags?post=9240"}],"curies":[{"name":"wp","href":"https:\/\/api.w.org\/{rel}","templated":true}]}}