{"id":9244,"date":"2026-02-09T13:42:43","date_gmt":"2026-02-09T13:42:43","guid":{"rendered":"https:\/\/camposerranoradio.com\/home\/?p=9244"},"modified":"2026-02-09T13:42:43","modified_gmt":"2026-02-09T13:42:43","slug":"el-cafe-se-consolida-como-motor-de-la-economia-colombiana","status":"publish","type":"post","link":"https:\/\/camposerranoradio.com\/home\/2026\/02\/09\/el-cafe-se-consolida-como-motor-de-la-economia-colombiana\/","title":{"rendered":"EL CAF\u00c9 SE CONSOLIDA COMO MOTOR DE LA ECONOM\u00cdA COLOMBIANA"},"content":{"rendered":"\n<p class=\"wp-block-paragraph\">El caf\u00e9 volvi\u00f3 a destacarse como uno de los pilares de la econom\u00eda colombiana durante 2025, gracias a su aporte al crecimiento de las exportaciones y al fortalecimiento del sector agropecuario. As\u00ed lo afirm\u00f3 el presidente de la Federaci\u00f3n Nacional de Cafeteros, Germ\u00e1n Baham\u00f3n, al resaltar el buen desempe\u00f1o del sector.<\/p>\n\n\n\n<p class=\"wp-block-paragraph\">Seg\u00fan cifras del DANE, las exportaciones de productos agropecuarios crecieron de manera significativa en 2025, y dentro de ese grupo el caf\u00e9 fue uno de los productos con mejor comportamiento, registrando un aumento superior al 60 %, lo que lo convirti\u00f3 en uno de los principales impulsores del sector.<\/p>\n\n\n\n<p class=\"wp-block-paragraph\">Baham\u00f3n se\u00f1al\u00f3 que las exportaciones de caf\u00e9 aumentaron m\u00e1s del 70 % durante el a\u00f1o, permitiendo que cerca de 20 billones de pesos ingresaran a la econom\u00eda nacional. Este resultado ratifica al caf\u00e9 como una actividad clave, presente en 23 departamentos y sustento de m\u00e1s de 500 mil familias cafeteras en el pa\u00eds.<\/p>\n\n\n\n<p class=\"wp-block-paragraph\">Este crecimiento tambi\u00e9n contrasta con la ca\u00edda de otros sectores tradicionales, como el de los combustibles, y se alinea con la estrategia del Gobierno nacional de fortalecer una econom\u00eda m\u00e1s productiva y sostenible, basada en la agricultura, la generaci\u00f3n de empleo rural y el desarrollo del campo colombiano.<\/p>\n","protected":false},"excerpt":{"rendered":"<p>El caf\u00e9 volvi\u00f3 a destacarse como uno de los pilares de la econom\u00eda colombiana durante 2025, gracias a su aporte al crecimiento de las exportaciones y al fortalecimiento del sector agropecuario. As\u00ed lo afirm\u00f3 el presidente de la Federaci\u00f3n Nacional de Cafeteros, Germ\u00e1n Baham\u00f3n, al resaltar el buen desempe\u00f1o del sector. Seg\u00fan cifras del DANE, [&hellip;]<\/p>\n","protected":false},"author":2,"featured_media":9245,"comment_status":"open","ping_status":"open","sticky":false,"template":"","format":"standard","meta":{"footnotes":""},"categories":[10,17,13],"tags":[],"class_list":["post-9244","post","type-post","status-publish","format-standard","has-post-thumbnail","hentry","category-general","category-nacional","category-news"],"_links":{"self":[{"href":"https:\/\/camposerranoradio.com\/home\/wp-json\/wp\/v2\/posts\/9244","targetHints":{"allow":["GET"]}}],"collection":[{"href":"https:\/\/camposerranoradio.com\/home\/wp-json\/wp\/v2\/posts"}],"about":[{"href":"https:\/\/camposerranoradio.com\/home\/wp-json\/wp\/v2\/types\/post"}],"author":[{"embeddable":true,"href":"https:\/\/camposerranoradio.com\/home\/wp-json\/wp\/v2\/users\/2"}],"replies":[{"embeddable":true,"href":"https:\/\/camposerranoradio.com\/home\/wp-json\/wp\/v2\/comments?post=9244"}],"version-history":[{"count":1,"href":"https:\/\/camposerranoradio.com\/home\/wp-json\/wp\/v2\/posts\/9244\/revisions"}],"predecessor-version":[{"id":9246,"href":"https:\/\/camposerranoradio.com\/home\/wp-json\/wp\/v2\/posts\/9244\/revisions\/9246"}],"wp:featuredmedia":[{"embeddable":true,"href":"https:\/\/camposerranoradio.com\/home\/wp-json\/wp\/v2\/media\/9245"}],"wp:attachment":[{"href":"https:\/\/camposerranoradio.com\/home\/wp-json\/wp\/v2\/media?parent=9244"}],"wp:term":[{"taxonomy":"category","embeddable":true,"href":"https:\/\/camposerranoradio.com\/home\/wp-json\/wp\/v2\/categories?post=9244"},{"taxonomy":"post_tag","embeddable":true,"href":"https:\/\/camposerranoradio.com\/home\/wp-json\/wp\/v2\/tags?post=9244"}],"curies":[{"name":"wp","href":"https:\/\/api.w.org\/{rel}","templated":true}]}}